{"id":9953,"date":"2020-05-19T19:40:17","date_gmt":"2020-05-19T17:40:17","guid":{"rendered":"https:\/\/www.serafinum.de\/ratgeber\/?p=9953"},"modified":"2025-03-03T10:32:18","modified_gmt":"2025-03-03T09:32:18","slug":"allerheiligen","status":"publish","type":"post","link":"https:\/\/www.serafinum.de\/ratgeber\/allerheiligen\/","title":{"rendered":"Allerheiligen (Allerseelen) \u00dcberblick"},"content":{"rendered":"<p><span id=\"1\"><\/span><div class=\"h2_h3_comby\"><h2 class=\"font\">ALLERHEILIGEN ALS GESETZLICHER FEIERTAG (BUNDESL\u00c4NDER)<\/h2><div class=\"line\"><\/div><p class=\"fakeH3\">Warum und wo ist Allerheiligen ein Feiertag?<\/p><\/div><\/p>\n<p>Allerheiligen ist nicht \u00fcberall ein Feiertag. In welchen Bundesl\u00e4ndern Allerheiligen als Feiertag begangen wird und welche Vorschriften und Traditionen in der jeweiligen Region gelten, h\u00e4ngt vorwiegend von der christlichen Pr\u00e4gung ab. Denn Allerheiligen ist nur in den katholisch gepr\u00e4gten Bundesl\u00e4ndern ein gesetzlicher Feiertag. Deshalb haben auch nicht alle in Deutschland an diesen Tagen frei oder \u00fcberall die L\u00e4den geschlossen. Aufgeteilt in Feiertag und Nicht-Feiertag ist Allerheiligen in Deutschland folgenderma\u00dfen:<\/p>\n<p><strong>Allerheiligen \u2013 Feiertag: <\/strong><\/p>\n<ul>\n<li>Baden-W\u00fcrttemberg<\/li>\n<li>Bayern<\/li>\n<li>Nordrhein-Westfalen<\/li>\n<li>Rheinland-Pfalz<\/li>\n<li>Saarland<\/li>\n<\/ul>\n<p><strong>Allerheiligen \u2013 kein Feiertag: <\/strong><\/p>\n<ul>\n<li>Berlin<\/li>\n<li>Brandenburg<\/li>\n<li>Bremen<\/li>\n<li>Hamburg<\/li>\n<li>Hessen<\/li>\n<li>Mecklenburg-Vorpommern<\/li>\n<li>Niedersachsen<\/li>\n<li>Sachsen<\/li>\n<li>Sachsen-Anhalt<\/li>\n<li>Schleswig Holstein<\/li>\n<li>Th\u00fcringen<\/li>\n<\/ul>\n<p>Allerseelen, welches am 2. November gefeiert wird, ist in ganz Deutschland kein gesetzlicher Feiertag.<\/p>\n<p>&nbsp;<\/p>\n<span id=\"2\"><\/span>\n<h3>Allerheiligen-Feiertag in 2024 \u2013 2030<\/h3>\n<p>Wie bereits erl\u00e4utert, ist Allerheiligen nicht in allen Bundesl\u00e4ndern ein Feiertag. Wo dies der Fall ist, wird der Feiertag Allerheiligen jedoch jedes Jahr am 1. November begangen; das Datum unterscheidet sich deshalb von Jahr zu Jahr nicht, doch der Wochentag variiert. So liegt der Feiertag oftmals g\u00fcnstig f\u00fcr ein langes Wochenende oder f\u00fcr einen Br\u00fcckentag. Beachten sollten Sie hier auch die Schaltjahre, denn alle vier Jahr \u00fcberspringt Allerheiligen einen Wochentag.<\/p>\n<p>&nbsp;<\/p>\n<ul>\n<li><strong>Allerheiligen in 2025: <\/strong>Im Jahr 2024 wird Allerheiligen ein <b>Samstag <\/b>sein.<\/li>\n<\/ul>\n<p>&nbsp;<\/p>\n<div id=\"attachment_17541\" class=\"wp-caption aligncenter\" style=\"width: 710px\"><img loading=\"lazy\" decoding=\"async\" class=\"wp-image-17541\" src=\"https:\/\/www.serafinum.de\/ratgeber\/wp-content\/uploads\/2020\/05\/allerheiligen-2022-2030-300x166.jpg\" alt=\"Daten von Allerheiligen 2022 bis 2030\" width=\"700\" height=\"387\" srcset=\"https:\/\/www.serafinum.de\/ratgeber\/wp-content\/uploads\/2020\/05\/allerheiligen-2022-2030-300x166.jpg 300w, https:\/\/www.serafinum.de\/ratgeber\/wp-content\/uploads\/2020\/05\/allerheiligen-2022-2030-768x425.jpg 768w, https:\/\/www.serafinum.de\/ratgeber\/wp-content\/uploads\/2020\/05\/allerheiligen-2022-2030-350x194.jpg 350w, https:\/\/www.serafinum.de\/ratgeber\/wp-content\/uploads\/2020\/05\/allerheiligen-2022-2030-90x50.jpg 90w, https:\/\/www.serafinum.de\/ratgeber\/wp-content\/uploads\/2020\/05\/allerheiligen-2022-2030-430x238.jpg 430w, https:\/\/www.serafinum.de\/ratgeber\/wp-content\/uploads\/2020\/05\/allerheiligen-2022-2030.jpg 1070w\" sizes=\"auto, (max-width: 700px) 100vw, 700px\" \/><p class=\"wp-caption-text\">Allerheiligen Feiertage 2022 \u2013 2030 im \u00dcberblick. \u00a9 Serafinum.de\r\n            <span class=\"social_links\">\r\n                <a title=\"auf pinterest teilen\" rel=\"nofollow\" target=\"_blank\" href=\"https:\/\/pinterest.com\/pin\/create\/button\/?url=https:\/\/www.serafinum.de\/ratgeber\/wp-json\/wp\/v2\/posts\/9953&media=https:\/\/www.serafinum.de\/ratgeber\/wp-content\/uploads\/2020\/05\/allerheiligen-2022-2030.jpg&description=Allerheiligen Feiertage 2022 \u2013 2030 im \u00dcberblick. \u00a9 Serafinum.de\"><svg x=\"0px\" y=\"0px\"\r\n\t width=\"50px\" height=\"50px\" viewBox=\"0 0 50 50\"><path d=\"M39.553,5.124c-3.441-3.303-8.205-5.123-13.412-5.123c-7.953,0-12.845,3.26-15.548,5.995\r\n\t\tc-3.331,3.37-5.241,7.846-5.241,12.278c0,5.566,2.327,9.837,6.227,11.427c0.262,0.107,0.524,0.16,0.783,0.16\r\n\t\tc0.822,0,1.474-0.537,1.699-1.4c0.132-0.496,0.437-1.717,0.569-2.248c0.284-1.046,0.055-1.55-0.564-2.279\r\n\t\tc-1.128-1.336-1.652-2.912-1.652-4.966c0-6.098,4.541-12.58,12.958-12.58c6.678,0,10.826,3.796,10.826,9.906\r\n\t\tc0,3.855-0.83,7.425-2.338,10.054c-1.049,1.826-2.893,4.004-5.723,4.004c-1.223,0-2.322-0.504-3.016-1.379\r\n\t\tc-0.656-0.828-0.871-1.898-0.607-3.013c0.297-1.262,0.703-2.576,1.096-3.846c0.717-2.32,1.395-4.513,1.395-6.262\r\n\t\tc0-2.991-1.84-5.001-4.576-5.001c-3.479,0-6.203,3.532-6.203,8.042c0,2.211,0.588,3.866,0.854,4.5\r\n\t\tc-0.438,1.857-3.042,12.894-3.536,14.974c-0.285,1.217-2.006,10.813,0.842,11.576c3.2,0.861,6.06-8.484,6.351-9.541\r\n\t\tc0.236-0.859,1.062-4.107,1.567-6.104c1.545,1.488,4.032,2.494,6.452,2.494c4.563,0,8.664-2.053,11.553-5.781\r\n\t\tc2.801-3.615,4.342-8.654,4.342-14.187C44.648,12.499,42.791,8.234,39.553,5.124z\"\/><\/svg><\/a>\r\n                <a title=\"auf facebook teilen\" rel=\"nofollow\" target=\"_blank\" href=\"https:\/\/www.facebook.com\/sharer\/sharer.php?u=https:\/\/www.serafinum.de\/ratgeber\/wp-json\/wp\/v2\/posts\/9953\"><svg x=\"0px\" y=\"0px\" width=\"23.325px\" height=\"49.982px\" viewBox=\"0 0 23.325 49.982\"><path d=\"M5.042,9.68c0,1.26,0,6.882,0,6.882H0v8.415h5.042v25.005h10.356V24.977h6.95\r\n\t\tc0,0,0.651-4.035,0.966-8.447c-0.905,0-7.877,0-7.877,0s0-4.896,0-5.753c0-0.86,1.129-2.017,2.246-2.017c1.114,0,3.465,0,5.642,0\r\n\t\tc0-1.146,0-5.104,0-8.76c-2.907,0-6.214,0-7.672,0C4.786,0,5.042,8.423,5.042,9.68z\"\/><\/svg><\/a>\r\n                <a title=\"Download der Grafik\" rel=\"nofollow\" target=\"_blank\" href=\"https:\/\/www.serafinum.de\/ratgeber\/wp-content\/uploads\/2020\/05\/allerheiligen-2022-2030.jpg?original\"><svg viewBox=\"0 0 576 512\"><path d=\"M528 288h-92.1l46.1-46.1c30.1-30.1 8.8-81.9-33.9-81.9h-64V48c0-26.5-21.5-48-48-48h-96c-26.5 0-48 21.5-48 48v112h-64c-42.6 0-64.2 51.7-33.9 81.9l46.1 46.1H48c-26.5 0-48 21.5-48 48v128c0 26.5 21.5 48 48 48h480c26.5 0 48-21.5 48-48V336c0-26.5-21.5-48-48-48zm-400-80h112V48h96v160h112L288 368 128 208zm400 256H48V336h140.1l65.9 65.9c18.8 18.8 49.1 18.7 67.9 0l65.9-65.9H528v128zm-88-64c0-13.3 10.7-24 24-24s24 10.7 24 24-10.7 24-24 24-24-10.7-24-24z\"><\/path><\/svg><\/a>  \r\n            <\/span>\r\n        <\/p><\/div>\n<p>&nbsp;<\/p>\n<p><span id=\"3\"><\/span><div class=\"h2_h3_comby\"><h2 class=\"font\">ALLERHEILIGEN - DEFINITION &amp; BEDEUTUNG<\/h2><div class=\"line\"><\/div><p class=\"fakeH3\">Was ist Allerheiligen &amp; was bedeutet es?<\/p><\/div><\/p>\n<p>Den S\u00fcd- und Westdeutschen ist Allerheiligen heutzutage h\u00e4ufig nur noch als Feiertag bekannt. Im Osten und Norden hat der Tag beinahe keine Bedeutung, da er kein gesetzlicher Feiertag ist. Doch was steckt hinter Allerheiligen? Die Entstehung und Bedeutung des katholischen Feiertages geht auf das 4. Jahrhundert zur\u00fcck und hat sich im Laufe der Geschichte immer weiter entwickelt. Wie der Name schon sagt, handelt es sich bei Allerheiligen (lat. <em>Festum Omnium Sanctorum<\/em>) um einen Feiertag, an welchem allen Heiligen sowie allen Verstorbenen, von deren Heiligkeit nur Gott wei\u00df, gedacht werden soll. Allerheiligen in ein Feiertag mit langer Tradition in der christlichen Geschichte. Er wird immer am 1. November gefeiert und liegt somit zwischen Halloween und dem Reformationstag am 31. Oktober und Allerseelen am 2. November.<\/p>\n<p>&nbsp;<\/p>\n<div class=\"single_button\"><a href=\"https:\/\/www.serafinum.de\/ratgeber\/bestattungsrituale-christentum\/\" title=\"Bestattungsriten im Christenrum: Sterberituale &amp; Bestattungskultur heute\">Bestattungsriten im Christentum<\/a><\/div>\n<p>&nbsp;<\/p>\n<span id=\"4\"><\/span>\n<h3>Geschichte von Allerheiligen<\/h3>\n<p>An Allerheiligen soll allen bekannten und unbekannten Heiligen gedacht werden. Hierf\u00fcr extra einen Feiertag einzuf\u00fchren, hatte letztendlich praktische Gr\u00fcnde. Im Laufe vieler Jahrhunderte der christlichen Kirche waren es schlicht und einfach zu viele bekannte Heilige, um jedem einen eigenen Feiertag zu widmen. So wurde ein Tag festgelegt, welcher allen Heiligen gewidmet sein sollte. Die Urspr\u00fcnge des Gedenktags der Heiligen gehen bereits auf das 4. Jahrhundert zur\u00fcck. Christen der Ostkirche gedachten am Sonntag nach Pfingsten \u2013 dem sogenannten Herrentag aller Heiligen \u2013 den verstorbenen Heiligen. Festgesetzt wurde der Feiertag dann von Papst Bonifatius IV. am 13. Mai 609 (oder 610), indem er das Pantheon in Rom weihte. Dieses war ein bisher f\u00fcr alle G\u00f6tter Roms geweihtes Heiligtum. Durch die Weihung des Papstes wurde das Pantheon der Jungfrau Maria und allen M\u00e4rtyrern gewidmet. Im 7. Jahrhundert wurde Allerheiligen am Freitag nach Ostern begangen, da der Tag eng mit den Inhalte der Osterfeierlichkeiten zusammenh\u00e4ngt. Erst viele hundert Jahre sp\u00e4ter weihte Papst Gregor III. eine Kapelle in der Basilika St. Peter allen Heiligen und beschloss, dass Allerheiligen fortan am 1. November gefeiert werden sollte. Zun\u00e4chst galt diese Regel nur f\u00fcr Rom, verbreitete sich aber nach und nach in ganz Europa. Papst Gregor IV. war dann im Jahre 835 derjenige, der den 1. November als offiziellen Feiertag f\u00fcr Allerheiligen festlegte. Der Grund, warum der Feiertag auf dieses Datum gelegt wurde, hatte ebenfalls eher praktische Gr\u00fcnde: Nach dem Sommer waren die Lebensmittelvorr\u00e4te reichlich und die Menschen konnten sich mit dem Abschlie\u00dfen der Ernte auf das Gedenken der Verstorbenen konzentrieren. Die Ostkirche schloss sich dem nicht an, wodurch Allerheiligen in der orthodoxen Kirche heutzutage immer noch am ersten Sonntag nach Pfingsten gefeiert wird.<\/p>\n<p>&nbsp;<\/p>\n<div id=\"attachment_9967\" class=\"wp-caption aligncenter\" style=\"width: 1210px\"><img loading=\"lazy\" decoding=\"async\" class=\"wp-image-9967 size-full\" title=\"Allerheiligen und Allerseelen mit Grablichtern zum Gedenken an Verstorbene\" src=\"https:\/\/www.serafinum.de\/ratgeber\/wp-content\/uploads\/2020\/05\/cemetery-2821279_1920.jpg\" alt=\"Allerheiligen und Allerseelen mit Grablichtern zum Gedenken an Verstorbene\" width=\"1200\" height=\"800\" srcset=\"https:\/\/www.serafinum.de\/ratgeber\/wp-content\/uploads\/2020\/05\/cemetery-2821279_1920.jpg 1200w, https:\/\/www.serafinum.de\/ratgeber\/wp-content\/uploads\/2020\/05\/cemetery-2821279_1920-300x200.jpg 300w, https:\/\/www.serafinum.de\/ratgeber\/wp-content\/uploads\/2020\/05\/cemetery-2821279_1920-1070x713.jpg 1070w, https:\/\/www.serafinum.de\/ratgeber\/wp-content\/uploads\/2020\/05\/cemetery-2821279_1920-768x512.jpg 768w, https:\/\/www.serafinum.de\/ratgeber\/wp-content\/uploads\/2020\/05\/cemetery-2821279_1920-350x233.jpg 350w, https:\/\/www.serafinum.de\/ratgeber\/wp-content\/uploads\/2020\/05\/cemetery-2821279_1920-1024x682.jpg 1024w, https:\/\/www.serafinum.de\/ratgeber\/wp-content\/uploads\/2020\/05\/cemetery-2821279_1920-75x50.jpg 75w, https:\/\/www.serafinum.de\/ratgeber\/wp-content\/uploads\/2020\/05\/cemetery-2821279_1920-430x287.jpg 430w\" sizes=\"auto, (max-width: 1200px) 100vw, 1200px\" \/><p class=\"wp-caption-text\">An Allerheiligen und Allerseelen wird mit Grablichtern und Grabgestecken an Verstorbene gedacht.\r\n            <span class=\"social_links\">\r\n                <a title=\"auf pinterest teilen\" rel=\"nofollow\" target=\"_blank\" href=\"https:\/\/pinterest.com\/pin\/create\/button\/?url=https:\/\/www.serafinum.de\/ratgeber\/wp-json\/wp\/v2\/posts\/9953&media=https:\/\/www.serafinum.de\/ratgeber\/wp-content\/uploads\/2020\/05\/cemetery-2821279_1920.jpg&description=An Allerheiligen und Allerseelen wird mit Grablichtern und Grabgestecken an Verstorbene gedacht.\"><svg x=\"0px\" y=\"0px\"\r\n\t width=\"50px\" height=\"50px\" viewBox=\"0 0 50 50\"><path d=\"M39.553,5.124c-3.441-3.303-8.205-5.123-13.412-5.123c-7.953,0-12.845,3.26-15.548,5.995\r\n\t\tc-3.331,3.37-5.241,7.846-5.241,12.278c0,5.566,2.327,9.837,6.227,11.427c0.262,0.107,0.524,0.16,0.783,0.16\r\n\t\tc0.822,0,1.474-0.537,1.699-1.4c0.132-0.496,0.437-1.717,0.569-2.248c0.284-1.046,0.055-1.55-0.564-2.279\r\n\t\tc-1.128-1.336-1.652-2.912-1.652-4.966c0-6.098,4.541-12.58,12.958-12.58c6.678,0,10.826,3.796,10.826,9.906\r\n\t\tc0,3.855-0.83,7.425-2.338,10.054c-1.049,1.826-2.893,4.004-5.723,4.004c-1.223,0-2.322-0.504-3.016-1.379\r\n\t\tc-0.656-0.828-0.871-1.898-0.607-3.013c0.297-1.262,0.703-2.576,1.096-3.846c0.717-2.32,1.395-4.513,1.395-6.262\r\n\t\tc0-2.991-1.84-5.001-4.576-5.001c-3.479,0-6.203,3.532-6.203,8.042c0,2.211,0.588,3.866,0.854,4.5\r\n\t\tc-0.438,1.857-3.042,12.894-3.536,14.974c-0.285,1.217-2.006,10.813,0.842,11.576c3.2,0.861,6.06-8.484,6.351-9.541\r\n\t\tc0.236-0.859,1.062-4.107,1.567-6.104c1.545,1.488,4.032,2.494,6.452,2.494c4.563,0,8.664-2.053,11.553-5.781\r\n\t\tc2.801-3.615,4.342-8.654,4.342-14.187C44.648,12.499,42.791,8.234,39.553,5.124z\"\/><\/svg><\/a>\r\n                <a title=\"auf facebook teilen\" rel=\"nofollow\" target=\"_blank\" href=\"https:\/\/www.facebook.com\/sharer\/sharer.php?u=https:\/\/www.serafinum.de\/ratgeber\/wp-json\/wp\/v2\/posts\/9953\"><svg x=\"0px\" y=\"0px\" width=\"23.325px\" height=\"49.982px\" viewBox=\"0 0 23.325 49.982\"><path d=\"M5.042,9.68c0,1.26,0,6.882,0,6.882H0v8.415h5.042v25.005h10.356V24.977h6.95\r\n\t\tc0,0,0.651-4.035,0.966-8.447c-0.905,0-7.877,0-7.877,0s0-4.896,0-5.753c0-0.86,1.129-2.017,2.246-2.017c1.114,0,3.465,0,5.642,0\r\n\t\tc0-1.146,0-5.104,0-8.76c-2.907,0-6.214,0-7.672,0C4.786,0,5.042,8.423,5.042,9.68z\"\/><\/svg><\/a>\r\n                <a title=\"Download der Grafik\" rel=\"nofollow\" target=\"_blank\" href=\"https:\/\/www.serafinum.de\/ratgeber\/wp-content\/uploads\/2020\/05\/cemetery-2821279_1920.jpg?original\"><svg viewBox=\"0 0 576 512\"><path d=\"M528 288h-92.1l46.1-46.1c30.1-30.1 8.8-81.9-33.9-81.9h-64V48c0-26.5-21.5-48-48-48h-96c-26.5 0-48 21.5-48 48v112h-64c-42.6 0-64.2 51.7-33.9 81.9l46.1 46.1H48c-26.5 0-48 21.5-48 48v128c0 26.5 21.5 48 48 48h480c26.5 0 48-21.5 48-48V336c0-26.5-21.5-48-48-48zm-400-80h112V48h96v160h112L288 368 128 208zm400 256H48V336h140.1l65.9 65.9c18.8 18.8 49.1 18.7 67.9 0l65.9-65.9H528v128zm-88-64c0-13.3 10.7-24 24-24s24 10.7 24 24-10.7 24-24 24-24-10.7-24-24z\"><\/path><\/svg><\/a>  \r\n            <\/span>\r\n        <\/p><\/div>\n<p><span id=\"5\"><\/span><div class=\"h2_h3_comby\"><h2 class=\"font\">ALLERHEILIGEN ALLERSEELEN - UNTERSCHIEDE<\/h2><div class=\"line\"><\/div><p class=\"fakeH3\">Worin unterscheiden sich Allerheiligen und Allerseelen?<\/p><\/div><\/p>\n<p>Nicht lange nach der Einf\u00fchrung von Allerheiligen, n\u00e4mlich nur etwa 200 Jahre sp\u00e4ter im Jahre 998, f\u00fchrte der Abt Odilo von Cluny Allerseelen ein. Dieser Tag sollte daf\u00fcr da sein, allen Seelen im Fegefeuer zu gedenken. Nach katholischem Glauben kann durch das Gedenken an die Verstorbenen deren Aufenthalt im Fegefeuer verk\u00fcrzt werden und sie ziehen fr\u00fcher ins Himmelreich ein. Nachdem am 1. November allen Heiligen gedacht werden soll, geht es bei Allerseelen um alle Verstorbenen. Der zentrale Gedanke ist dabei der Glaube an die Auferstehung und an ein Leben nach dem Tod. Kurz gesagt ist der Unterschied zwischen Allerheiligen und Allerseelen, dass an Allerheiligen den bekannten und unbekannten Heiligen \u2013 den M\u00e4rtyrern \u2013 gedacht wird und an Allerseelen alle verstorbenen Seelen im Fegefeuer. Im Gegensatz zu Allerheiligen ist Allerseelen in Deutschland kein gesetzlicher Feiertag, sondern nur ein kirchlicher. Jedoch sind die beiden Feste mittlerweile zu einem zusammengewachsen, sodass in der Regel an Allerheiligen auch Allerseelen gefeiert wird.<\/p>\n<p>&nbsp;<\/p>\n<div id=\"attachment_10013\" class=\"wp-caption aligncenter\" style=\"width: 610px\"><img loading=\"lazy\" decoding=\"async\" class=\"wp-image-10013\" title=\"Unterschied zwischen Allerheiligen &amp; Allerseelen im \u00dcberblick\" src=\"https:\/\/www.serafinum.de\/ratgeber\/wp-content\/uploads\/2020\/05\/Allerheiligen-Unterschied-zwischen-Allerheiligen-Allerseelen-im-\u00dcber....jpg\" alt=\"Unterschied zwischen Allerheiligen &amp; Allerseelen im \u00dcberblick\" width=\"600\" height=\"331\" srcset=\"https:\/\/www.serafinum.de\/ratgeber\/wp-content\/uploads\/2020\/05\/Allerheiligen-Unterschied-zwischen-Allerheiligen-Allerseelen-im-\u00dcber....jpg 1071w, https:\/\/www.serafinum.de\/ratgeber\/wp-content\/uploads\/2020\/05\/Allerheiligen-Unterschied-zwischen-Allerheiligen-Allerseelen-im-\u00dcber...-300x166.jpg 300w, https:\/\/www.serafinum.de\/ratgeber\/wp-content\/uploads\/2020\/05\/Allerheiligen-Unterschied-zwischen-Allerheiligen-Allerseelen-im-\u00dcber...-768x424.jpg 768w, https:\/\/www.serafinum.de\/ratgeber\/wp-content\/uploads\/2020\/05\/Allerheiligen-Unterschied-zwischen-Allerheiligen-Allerseelen-im-\u00dcber...-350x193.jpg 350w, https:\/\/www.serafinum.de\/ratgeber\/wp-content\/uploads\/2020\/05\/Allerheiligen-Unterschied-zwischen-Allerheiligen-Allerseelen-im-\u00dcber...-91x50.jpg 91w, https:\/\/www.serafinum.de\/ratgeber\/wp-content\/uploads\/2020\/05\/Allerheiligen-Unterschied-zwischen-Allerheiligen-Allerseelen-im-\u00dcber...-430x237.jpg 430w\" sizes=\"auto, (max-width: 600px) 100vw, 600px\" \/><p class=\"wp-caption-text\">Unterschied zwischen Allerheiligen & Allerseelen im \u00dcberblick. \u00a9 Serafinum.de\r\n            <span class=\"social_links\">\r\n                <a title=\"auf pinterest teilen\" rel=\"nofollow\" target=\"_blank\" href=\"https:\/\/pinterest.com\/pin\/create\/button\/?url=https:\/\/www.serafinum.de\/ratgeber\/wp-json\/wp\/v2\/posts\/9953&media=https:\/\/www.serafinum.de\/ratgeber\/wp-content\/uploads\/2020\/05\/Allerheiligen-Unterschied-zwischen-Allerheiligen-Allerseelen-im-\u00dcber....jpg&description=Unterschied zwischen Allerheiligen & Allerseelen im \u00dcberblick. \u00a9 Serafinum.de\"><svg x=\"0px\" y=\"0px\"\r\n\t width=\"50px\" height=\"50px\" viewBox=\"0 0 50 50\"><path d=\"M39.553,5.124c-3.441-3.303-8.205-5.123-13.412-5.123c-7.953,0-12.845,3.26-15.548,5.995\r\n\t\tc-3.331,3.37-5.241,7.846-5.241,12.278c0,5.566,2.327,9.837,6.227,11.427c0.262,0.107,0.524,0.16,0.783,0.16\r\n\t\tc0.822,0,1.474-0.537,1.699-1.4c0.132-0.496,0.437-1.717,0.569-2.248c0.284-1.046,0.055-1.55-0.564-2.279\r\n\t\tc-1.128-1.336-1.652-2.912-1.652-4.966c0-6.098,4.541-12.58,12.958-12.58c6.678,0,10.826,3.796,10.826,9.906\r\n\t\tc0,3.855-0.83,7.425-2.338,10.054c-1.049,1.826-2.893,4.004-5.723,4.004c-1.223,0-2.322-0.504-3.016-1.379\r\n\t\tc-0.656-0.828-0.871-1.898-0.607-3.013c0.297-1.262,0.703-2.576,1.096-3.846c0.717-2.32,1.395-4.513,1.395-6.262\r\n\t\tc0-2.991-1.84-5.001-4.576-5.001c-3.479,0-6.203,3.532-6.203,8.042c0,2.211,0.588,3.866,0.854,4.5\r\n\t\tc-0.438,1.857-3.042,12.894-3.536,14.974c-0.285,1.217-2.006,10.813,0.842,11.576c3.2,0.861,6.06-8.484,6.351-9.541\r\n\t\tc0.236-0.859,1.062-4.107,1.567-6.104c1.545,1.488,4.032,2.494,6.452,2.494c4.563,0,8.664-2.053,11.553-5.781\r\n\t\tc2.801-3.615,4.342-8.654,4.342-14.187C44.648,12.499,42.791,8.234,39.553,5.124z\"\/><\/svg><\/a>\r\n                <a title=\"auf facebook teilen\" rel=\"nofollow\" target=\"_blank\" href=\"https:\/\/www.facebook.com\/sharer\/sharer.php?u=https:\/\/www.serafinum.de\/ratgeber\/wp-json\/wp\/v2\/posts\/9953\"><svg x=\"0px\" y=\"0px\" width=\"23.325px\" height=\"49.982px\" viewBox=\"0 0 23.325 49.982\"><path d=\"M5.042,9.68c0,1.26,0,6.882,0,6.882H0v8.415h5.042v25.005h10.356V24.977h6.95\r\n\t\tc0,0,0.651-4.035,0.966-8.447c-0.905,0-7.877,0-7.877,0s0-4.896,0-5.753c0-0.86,1.129-2.017,2.246-2.017c1.114,0,3.465,0,5.642,0\r\n\t\tc0-1.146,0-5.104,0-8.76c-2.907,0-6.214,0-7.672,0C4.786,0,5.042,8.423,5.042,9.68z\"\/><\/svg><\/a>\r\n                <a title=\"Download der Grafik\" rel=\"nofollow\" target=\"_blank\" href=\"https:\/\/www.serafinum.de\/ratgeber\/wp-content\/uploads\/2020\/05\/Allerheiligen-Unterschied-zwischen-Allerheiligen-Allerseelen-im-\u00dcber....jpg?original\"><svg viewBox=\"0 0 576 512\"><path d=\"M528 288h-92.1l46.1-46.1c30.1-30.1 8.8-81.9-33.9-81.9h-64V48c0-26.5-21.5-48-48-48h-96c-26.5 0-48 21.5-48 48v112h-64c-42.6 0-64.2 51.7-33.9 81.9l46.1 46.1H48c-26.5 0-48 21.5-48 48v128c0 26.5 21.5 48 48 48h480c26.5 0 48-21.5 48-48V336c0-26.5-21.5-48-48-48zm-400-80h112V48h96v160h112L288 368 128 208zm400 256H48V336h140.1l65.9 65.9c18.8 18.8 49.1 18.7 67.9 0l65.9-65.9H528v128zm-88-64c0-13.3 10.7-24 24-24s24 10.7 24 24-10.7 24-24 24-24-10.7-24-24z\"><\/path><\/svg><\/a>  \r\n            <\/span>\r\n        <\/p><\/div>\n<p><span id=\"6\"><\/span><div class=\"h2_h3_comby\"><h2 class=\"font\">BRAUCHTUM ZU ALLERHEILIGEN<\/h2><div class=\"line\"><\/div><p class=\"fakeH3\">Welche Braucht\u00fcmer werden zu Allerheiligen &amp; Allerseelen begangen?<\/p><\/div><\/p>\n<p>Allerheiligen ist durch viele unterschiedliche Br\u00e4uche gepr\u00e4gt, die sich in den verschiedenen Regionen Deutschlands stark unterscheiden. Je nachdem, ob das Fest im Osten, Westen, S\u00fcden oder Norden der Bundesrepublik begangen wird, werden unterschiedliche Traditionen gepflegt. Auch waren die Br\u00e4uche in den vergangenen Jahrzehnten und Jahrhunderten deutlich ausgepr\u00e4gter, da die christlichen Traditionen im Allgemeinen noch eine gr\u00f6\u00dfere Bedeutung f\u00fcr einen Gro\u00dfteil der Menschen hatte. Dennoch wird auch heute noch die ein oder andere Tradition begangen, die an die urspr\u00fcnglichen Br\u00e4uche zu Allerheiligen erinnern und sich an den Verhaltensweisen der eignen Eltern, Gro\u00dfeltern oder Urgro\u00dfeltern orientieren. In den folgenden Abschnitten geben wir Ihnen einen \u00dcberblick \u00fcber die bekanntesten Traditionen. In einigen Regionen oder anderen L\u00e4ndern k\u00f6nnen sich diese im Namen oder in Details unterscheiden, dennoch ist der Ursprungsgedanke der verschiedenen Br\u00e4uche immer relativ \u00e4hnlich.<\/p>\n<p>&nbsp;<\/p>\n<div id=\"attachment_9961\" class=\"wp-caption aligncenter\" style=\"width: 1210px\"><img loading=\"lazy\" decoding=\"async\" class=\"wp-image-9961 size-full\" title=\"Grabdekoration zu Allerheiligen mit Grablichtern und Chrysanthemen als traditioneller Allerseelenstock\" src=\"https:\/\/www.serafinum.de\/ratgeber\/wp-content\/uploads\/2020\/05\/autumn-3853469_1920.jpg\" alt=\"Grabdekoration zu Allerheiligen mit Grablichtern und Chrysanthemen als traditioneller Allerseelenstock\" width=\"1200\" height=\"800\" srcset=\"https:\/\/www.serafinum.de\/ratgeber\/wp-content\/uploads\/2020\/05\/autumn-3853469_1920.jpg 1200w, https:\/\/www.serafinum.de\/ratgeber\/wp-content\/uploads\/2020\/05\/autumn-3853469_1920-300x200.jpg 300w, https:\/\/www.serafinum.de\/ratgeber\/wp-content\/uploads\/2020\/05\/autumn-3853469_1920-1070x713.jpg 1070w, https:\/\/www.serafinum.de\/ratgeber\/wp-content\/uploads\/2020\/05\/autumn-3853469_1920-768x512.jpg 768w, https:\/\/www.serafinum.de\/ratgeber\/wp-content\/uploads\/2020\/05\/autumn-3853469_1920-350x233.jpg 350w, https:\/\/www.serafinum.de\/ratgeber\/wp-content\/uploads\/2020\/05\/autumn-3853469_1920-1024x682.jpg 1024w, https:\/\/www.serafinum.de\/ratgeber\/wp-content\/uploads\/2020\/05\/autumn-3853469_1920-75x50.jpg 75w, https:\/\/www.serafinum.de\/ratgeber\/wp-content\/uploads\/2020\/05\/autumn-3853469_1920-430x287.jpg 430w\" sizes=\"auto, (max-width: 1200px) 100vw, 1200px\" \/><p class=\"wp-caption-text\">Grabdekoration zu Allerheiligen sind Grablichter und traditionelle Allerseelenst\u00f6cke aus Chrysanthemen.\r\n            <span class=\"social_links\">\r\n                <a title=\"auf pinterest teilen\" rel=\"nofollow\" target=\"_blank\" href=\"https:\/\/pinterest.com\/pin\/create\/button\/?url=https:\/\/www.serafinum.de\/ratgeber\/wp-json\/wp\/v2\/posts\/9953&media=https:\/\/www.serafinum.de\/ratgeber\/wp-content\/uploads\/2020\/05\/autumn-3853469_1920.jpg&description=Grabdekoration zu Allerheiligen sind Grablichter und traditionelle Allerseelenst\u00f6cke aus Chrysanthemen.\"><svg x=\"0px\" y=\"0px\"\r\n\t width=\"50px\" height=\"50px\" viewBox=\"0 0 50 50\"><path d=\"M39.553,5.124c-3.441-3.303-8.205-5.123-13.412-5.123c-7.953,0-12.845,3.26-15.548,5.995\r\n\t\tc-3.331,3.37-5.241,7.846-5.241,12.278c0,5.566,2.327,9.837,6.227,11.427c0.262,0.107,0.524,0.16,0.783,0.16\r\n\t\tc0.822,0,1.474-0.537,1.699-1.4c0.132-0.496,0.437-1.717,0.569-2.248c0.284-1.046,0.055-1.55-0.564-2.279\r\n\t\tc-1.128-1.336-1.652-2.912-1.652-4.966c0-6.098,4.541-12.58,12.958-12.58c6.678,0,10.826,3.796,10.826,9.906\r\n\t\tc0,3.855-0.83,7.425-2.338,10.054c-1.049,1.826-2.893,4.004-5.723,4.004c-1.223,0-2.322-0.504-3.016-1.379\r\n\t\tc-0.656-0.828-0.871-1.898-0.607-3.013c0.297-1.262,0.703-2.576,1.096-3.846c0.717-2.32,1.395-4.513,1.395-6.262\r\n\t\tc0-2.991-1.84-5.001-4.576-5.001c-3.479,0-6.203,3.532-6.203,8.042c0,2.211,0.588,3.866,0.854,4.5\r\n\t\tc-0.438,1.857-3.042,12.894-3.536,14.974c-0.285,1.217-2.006,10.813,0.842,11.576c3.2,0.861,6.06-8.484,6.351-9.541\r\n\t\tc0.236-0.859,1.062-4.107,1.567-6.104c1.545,1.488,4.032,2.494,6.452,2.494c4.563,0,8.664-2.053,11.553-5.781\r\n\t\tc2.801-3.615,4.342-8.654,4.342-14.187C44.648,12.499,42.791,8.234,39.553,5.124z\"\/><\/svg><\/a>\r\n                <a title=\"auf facebook teilen\" rel=\"nofollow\" target=\"_blank\" href=\"https:\/\/www.facebook.com\/sharer\/sharer.php?u=https:\/\/www.serafinum.de\/ratgeber\/wp-json\/wp\/v2\/posts\/9953\"><svg x=\"0px\" y=\"0px\" width=\"23.325px\" height=\"49.982px\" viewBox=\"0 0 23.325 49.982\"><path d=\"M5.042,9.68c0,1.26,0,6.882,0,6.882H0v8.415h5.042v25.005h10.356V24.977h6.95\r\n\t\tc0,0,0.651-4.035,0.966-8.447c-0.905,0-7.877,0-7.877,0s0-4.896,0-5.753c0-0.86,1.129-2.017,2.246-2.017c1.114,0,3.465,0,5.642,0\r\n\t\tc0-1.146,0-5.104,0-8.76c-2.907,0-6.214,0-7.672,0C4.786,0,5.042,8.423,5.042,9.68z\"\/><\/svg><\/a>\r\n                <a title=\"Download der Grafik\" rel=\"nofollow\" target=\"_blank\" href=\"https:\/\/www.serafinum.de\/ratgeber\/wp-content\/uploads\/2020\/05\/autumn-3853469_1920.jpg?original\"><svg viewBox=\"0 0 576 512\"><path d=\"M528 288h-92.1l46.1-46.1c30.1-30.1 8.8-81.9-33.9-81.9h-64V48c0-26.5-21.5-48-48-48h-96c-26.5 0-48 21.5-48 48v112h-64c-42.6 0-64.2 51.7-33.9 81.9l46.1 46.1H48c-26.5 0-48 21.5-48 48v128c0 26.5 21.5 48 48 48h480c26.5 0 48-21.5 48-48V336c0-26.5-21.5-48-48-48zm-400-80h112V48h96v160h112L288 368 128 208zm400 256H48V336h140.1l65.9 65.9c18.8 18.8 49.1 18.7 67.9 0l65.9-65.9H528v128zm-88-64c0-13.3 10.7-24 24-24s24 10.7 24 24-10.7 24-24 24-24-10.7-24-24z\"><\/path><\/svg><\/a>  \r\n            <\/span>\r\n        <\/p><\/div>\n<span id=\"7\"><\/span>\n<h3>Allerheiligengeb\u00e4ck<\/h3>\n<p>Im s\u00fcdlichen Raum Deutschlands sowie in Teilen \u00d6sterreichs ist zu Allerheiligen der sogenannte Allerheiligenstriezel oder Allerseelenwecken \u00fcblich. Das ist ein aus Hefeteig bestehendes und in Form eines Zopfes geflochtenes Geb\u00e4ck, welches mit Hagelzucker bestreut ist. \u00c4hnlich ist auch die Himmelsleiter, ein ebenfalls aus Hefeteig bestehendes Geb\u00e4ck in S-Form, welches die Sprossen einer Leiter darstellen soll. In einigen Regionen werden andere Formen des Allerseelengeb\u00e4cks verteilt. So sind beispielsweise Seelenbrezen und andere Backwaren aus Hefeteig oder Lebkuchen auch heute noch in den B\u00e4ckereien zu finden. In vergangenen Jahrhunderten war es \u00fcblich, diese Geb\u00e4cke an die eigenen Patenkinder oder an heiratswillige Frauen zu verschenken, an Bed\u00fcrftige und Arme zu spenden oder den Verstorbenen ans Grab zu legen. Die meisten Traditionen dieses Geb\u00e4cks werden heutzutage jedoch nicht mehr ausgef\u00fchrt.<\/p>\n<p>&nbsp;<\/p>\n<div class=\"single_button\"><a href=\"https:\/\/www.stilvolle-grabsteine.de\/ratgeber\/katholische-bestattung\/\" title=\"Bestattung der katholischen Kirche \u2013 Alle Infos im \u00dcberblick\">Katholische Bestattung<\/a><\/div>\n<p>&nbsp;<\/p>\n<span id=\"8\"><\/span>\n<h3>Allerheiligenmarkt<\/h3>\n<p>In einigen Regionen wird zu Allerheiligen ein Allerheiligenmarkt ausgerichtet. Das Fest wird wie ein Jahrmarkt gefeiert und findet meist am auf die Feiertage folgenden Wochenende statt. Eine solche Kirmes bietet h\u00e4ufig Fahrgesch\u00e4fte, Marktbuden mit Essen und Getr\u00e4nken, Flohm\u00e4rkte Feuerwerke und vieles mehr. Auch Umz\u00fcge und verkaufsoffene Sonntage sind bei Allerheiligenm\u00e4rkten keine Seltenheit. Besonders im Westf\u00e4lischen Soest ist die Allerheiligenkirmes eine Ber\u00fchmtheit, da sie als Europas gr\u00f6\u00dfte Altstadtkirmes bezeichnet wird. Obwohl Allerheiligen eigentlich ein stiller Feiertag ist und an diesem Tag Tanzveranstaltungen und Sportveranstaltungen verboten sind, wird in einigen Regionen dennoch, zumindest am Wochenende danach, gefeiert. Dar\u00fcber hinaus gibt es um diese Zeit oft Martinim\u00e4rkte, die den Allerheiligenm\u00e4rkten stark \u00e4hneln. So haben sich Ortschaften und St\u00e4dte im Laufe der Zeit ihre eigenen Traditionen geschaffen, um ihren Bewohnern und Touristen etwas zu bieten.<\/p>\n<p>&nbsp;<\/p>\n<div id=\"attachment_10011\" class=\"wp-caption aligncenter\" style=\"width: 610px\"><img loading=\"lazy\" decoding=\"async\" class=\"wp-image-10011\" title=\"Braucht\u00fcmer zu Allerheiligen &amp; Allerseelen im \u00dcberblick\" src=\"https:\/\/www.serafinum.de\/ratgeber\/wp-content\/uploads\/2020\/05\/Allerheiligen-Braucht\u00fcmer-zu-Allerheiligen-Allerseelen.jpg\" alt=\"Braucht\u00fcmer zu Allerheiligen &amp; Allerseelen im \u00dcberblick\" width=\"600\" height=\"580\" srcset=\"https:\/\/www.serafinum.de\/ratgeber\/wp-content\/uploads\/2020\/05\/Allerheiligen-Braucht\u00fcmer-zu-Allerheiligen-Allerseelen.jpg 1070w, https:\/\/www.serafinum.de\/ratgeber\/wp-content\/uploads\/2020\/05\/Allerheiligen-Braucht\u00fcmer-zu-Allerheiligen-Allerseelen-300x290.jpg 300w, https:\/\/www.serafinum.de\/ratgeber\/wp-content\/uploads\/2020\/05\/Allerheiligen-Braucht\u00fcmer-zu-Allerheiligen-Allerseelen-768x742.jpg 768w, https:\/\/www.serafinum.de\/ratgeber\/wp-content\/uploads\/2020\/05\/Allerheiligen-Braucht\u00fcmer-zu-Allerheiligen-Allerseelen-40x40.jpg 40w, https:\/\/www.serafinum.de\/ratgeber\/wp-content\/uploads\/2020\/05\/Allerheiligen-Braucht\u00fcmer-zu-Allerheiligen-Allerseelen-350x338.jpg 350w, https:\/\/www.serafinum.de\/ratgeber\/wp-content\/uploads\/2020\/05\/Allerheiligen-Braucht\u00fcmer-zu-Allerheiligen-Allerseelen-52x50.jpg 52w, https:\/\/www.serafinum.de\/ratgeber\/wp-content\/uploads\/2020\/05\/Allerheiligen-Braucht\u00fcmer-zu-Allerheiligen-Allerseelen-430x416.jpg 430w\" sizes=\"auto, (max-width: 600px) 100vw, 600px\" \/><p class=\"wp-caption-text\">Braucht\u00fcmer zu Allerheiligen & Allerseelen im \u00dcberblick. \u00a9 Serafinum.de\r\n            <span class=\"social_links\">\r\n                <a title=\"auf pinterest teilen\" rel=\"nofollow\" target=\"_blank\" href=\"https:\/\/pinterest.com\/pin\/create\/button\/?url=https:\/\/www.serafinum.de\/ratgeber\/wp-json\/wp\/v2\/posts\/9953&media=https:\/\/www.serafinum.de\/ratgeber\/wp-content\/uploads\/2020\/05\/Allerheiligen-Braucht\u00fcmer-zu-Allerheiligen-Allerseelen.jpg&description=Braucht\u00fcmer zu Allerheiligen & Allerseelen im \u00dcberblick. \u00a9 Serafinum.de\"><svg x=\"0px\" y=\"0px\"\r\n\t width=\"50px\" height=\"50px\" viewBox=\"0 0 50 50\"><path d=\"M39.553,5.124c-3.441-3.303-8.205-5.123-13.412-5.123c-7.953,0-12.845,3.26-15.548,5.995\r\n\t\tc-3.331,3.37-5.241,7.846-5.241,12.278c0,5.566,2.327,9.837,6.227,11.427c0.262,0.107,0.524,0.16,0.783,0.16\r\n\t\tc0.822,0,1.474-0.537,1.699-1.4c0.132-0.496,0.437-1.717,0.569-2.248c0.284-1.046,0.055-1.55-0.564-2.279\r\n\t\tc-1.128-1.336-1.652-2.912-1.652-4.966c0-6.098,4.541-12.58,12.958-12.58c6.678,0,10.826,3.796,10.826,9.906\r\n\t\tc0,3.855-0.83,7.425-2.338,10.054c-1.049,1.826-2.893,4.004-5.723,4.004c-1.223,0-2.322-0.504-3.016-1.379\r\n\t\tc-0.656-0.828-0.871-1.898-0.607-3.013c0.297-1.262,0.703-2.576,1.096-3.846c0.717-2.32,1.395-4.513,1.395-6.262\r\n\t\tc0-2.991-1.84-5.001-4.576-5.001c-3.479,0-6.203,3.532-6.203,8.042c0,2.211,0.588,3.866,0.854,4.5\r\n\t\tc-0.438,1.857-3.042,12.894-3.536,14.974c-0.285,1.217-2.006,10.813,0.842,11.576c3.2,0.861,6.06-8.484,6.351-9.541\r\n\t\tc0.236-0.859,1.062-4.107,1.567-6.104c1.545,1.488,4.032,2.494,6.452,2.494c4.563,0,8.664-2.053,11.553-5.781\r\n\t\tc2.801-3.615,4.342-8.654,4.342-14.187C44.648,12.499,42.791,8.234,39.553,5.124z\"\/><\/svg><\/a>\r\n                <a title=\"auf facebook teilen\" rel=\"nofollow\" target=\"_blank\" href=\"https:\/\/www.facebook.com\/sharer\/sharer.php?u=https:\/\/www.serafinum.de\/ratgeber\/wp-json\/wp\/v2\/posts\/9953\"><svg x=\"0px\" y=\"0px\" width=\"23.325px\" height=\"49.982px\" viewBox=\"0 0 23.325 49.982\"><path d=\"M5.042,9.68c0,1.26,0,6.882,0,6.882H0v8.415h5.042v25.005h10.356V24.977h6.95\r\n\t\tc0,0,0.651-4.035,0.966-8.447c-0.905,0-7.877,0-7.877,0s0-4.896,0-5.753c0-0.86,1.129-2.017,2.246-2.017c1.114,0,3.465,0,5.642,0\r\n\t\tc0-1.146,0-5.104,0-8.76c-2.907,0-6.214,0-7.672,0C4.786,0,5.042,8.423,5.042,9.68z\"\/><\/svg><\/a>\r\n                <a title=\"Download der Grafik\" rel=\"nofollow\" target=\"_blank\" href=\"https:\/\/www.serafinum.de\/ratgeber\/wp-content\/uploads\/2020\/05\/Allerheiligen-Braucht\u00fcmer-zu-Allerheiligen-Allerseelen.jpg?original\"><svg viewBox=\"0 0 576 512\"><path d=\"M528 288h-92.1l46.1-46.1c30.1-30.1 8.8-81.9-33.9-81.9h-64V48c0-26.5-21.5-48-48-48h-96c-26.5 0-48 21.5-48 48v112h-64c-42.6 0-64.2 51.7-33.9 81.9l46.1 46.1H48c-26.5 0-48 21.5-48 48v128c0 26.5 21.5 48 48 48h480c26.5 0 48-21.5 48-48V336c0-26.5-21.5-48-48-48zm-400-80h112V48h96v160h112L288 368 128 208zm400 256H48V336h140.1l65.9 65.9c18.8 18.8 49.1 18.7 67.9 0l65.9-65.9H528v128zm-88-64c0-13.3 10.7-24 24-24s24 10.7 24 24-10.7 24-24 24-24-10.7-24-24z\"><\/path><\/svg><\/a>  \r\n            <\/span>\r\n        <\/p><\/div>\n<span id=\"9\"><\/span>\n<h3>Der Allerseelenstock<\/h3>\n<p>Auch der Allerseelenstock wird heutzutage nicht mehr im traditionellen Sinn verwendet, sondern wurde an moderne Geschm\u00e4cker angepasst. Urspr\u00fcnglich handelte es sich beim Allerseelenstock um einen Grabschmuck aus wei\u00dfen Chrysanthemen. Diese symbolisierten die Liebe, die auch nach dem Tod weiter besteht und somit den eigentlichen Sinn Allerheiligens deutlich machte. Heutzutage werden aber unterschiedlichste Grabgestecke im weitesten Sinne als Allerseelenstock bezeichnet. So sind beispielsweise immergr\u00fcne Pflanzen wie beispielsweise die Thuja oder winterhartes Heidekraut in Kombination mit anderen Pflanzen zu beliebten Grabdekorationen f\u00fcr Allerheiligen geworden. Die Tradition \u2013 das Grab an Allerheiligen winterfest zu machen und mit winterharten Pflanzen zu schm\u00fccken \u2013 ist aber geblieben. So wird der Feiertag auch heute noch zum Anlass genommen, um die Gr\u00e4ber von verstorbenen Angeh\u00f6rigen f\u00fcr die kalte Jahreszeit vorzubereiten.<\/p>\n<p>&nbsp;<\/p>\n<div class=\"single_button\"><a href=\"https:\/\/www.stilvolle-grabsteine.de\/ratgeber\/grabgestaltung-allerheiligen-totensonntag\/\" title=\"Grabgestaltung &amp; Grabbepflanzung zu Allerheiligen\" target=\"_blank\">Grabgestaltung zu Allerheiligen<\/a><\/div>\n<p>&nbsp;<\/p>\n<span id=\"10\"><\/span>\n<h3>Der Allerseelengang<\/h3>\n<p>Beim Allerseelengang werden Friedh\u00f6fe von Angeh\u00f6rigen, Freunden und Bekannten der Verstorbenen besucht. Zuvor werden die Gr\u00e4ber aber hergerichtet und geschm\u00fcckt. Deshalb nehmen viele Angeh\u00f6rigen Allerheiligen auch zum Anlass, die Gr\u00e4ber der Verstorbenen winterfest zu machen, neu zu bepflanzen, von Unkraut und Laub zu befreien und den <a title=\"Grabstein reinigen \u2013 Marmor, Granit, Sandstein &amp; Co.\" href=\"https:\/\/www.serafinum.de\/ratgeber\/grabstein-reinigen\/\" rel=\"\">Grabstein zu reinigen<\/a>. So ist das Grab wieder wundersch\u00f6n anzusehen und kann beim Allerseelengang besucht werden. Die geschm\u00fcckten Gr\u00e4ber werden dann von einem Geistlichen gesegnet und im Anschluss wird auf dem Friedhof eine Messe oder eine Totenfeier abgehalten. Dieser Brauch ist f\u00fcr viele Menschen wichtig, da er oft zum Anlass genommen wird, die Gr\u00e4ber der Angeh\u00f6rigen wieder herzurichten und ansehnlich zu machen. Beim Allerseelengang k\u00f6nnen sie dann all ihrer verstorbenen Familienmitglieder und Freunde gedenken und f\u00fcr sie beten.<\/p>\n<p>&nbsp;<\/p>\n<span id=\"11\"><\/span>\n<h3>Das Allerseelenlicht<\/h3>\n<p>Das Allerseelenlicht ist ein rotes Licht, das entweder als echte <a title=\"Grabkerze \u2013 Klassische oder elektronische Grablichter\" href=\"https:\/\/www.stilvolle-grabsteine.de\/ratgeber\/grabkerzen-klassisch-elektronisch\/\" target=\"_blank\" rel=\"noopener noreferrer\">Kerze<\/a>\u00a0oder als lange brennendes, elektrisches Licht auf das Grab gestellt wird. Aufgrund des sch\u00f6nen Anblicks, den das rote Schimmern auf dem Grab verteilt, wird das Allerseelenlicht gerne das ganze Jahr \u00fcber auf das Grab gestellt. Der Ursprung des Lichts war aber ein anderer: Die Kerze wurde als Opfergabe an die Seelen im Fegefeuer betrachtet. Mit dem Licht sollten die ziellos wandelnden Seelen ihre Ruhest\u00e4tte finden. Heutzutage hat sich die Bedeutung des Lichts ge\u00e4ndert. Sie wird in der katholischen Kirche als Symbol f\u00fcr die Auferstehung und das Leben nach dem Tod angesehen und repr\u00e4sentiert die Worte Jesu: \u201eIch bin das Licht der Welt\u201c. Beim Allerseelengang werden diese Lichter dann entz\u00fcndet, sodass auf dem gesamten Friedhof ein Lichtermeer entsteht.<\/p>\n<p>&nbsp;<\/p>\n<div id=\"attachment_9960\" class=\"wp-caption aligncenter\" style=\"width: 1210px\"><img loading=\"lazy\" decoding=\"async\" class=\"wp-image-9960 size-full\" title=\"Urspr\u00fcnglich sind Allerseelenlichter Grabkerzen als Opfergabe an die Seelen im Fegefeuer\" src=\"https:\/\/www.serafinum.de\/ratgeber\/wp-content\/uploads\/2020\/05\/all-saints-3807214_1920.jpg\" alt=\"Urspr\u00fcnglich sind Allerseelenlichter Grabkerzen als Opfergabe an die Seelen im Fegefeuer\" width=\"1200\" height=\"800\" srcset=\"https:\/\/www.serafinum.de\/ratgeber\/wp-content\/uploads\/2020\/05\/all-saints-3807214_1920.jpg 1200w, https:\/\/www.serafinum.de\/ratgeber\/wp-content\/uploads\/2020\/05\/all-saints-3807214_1920-300x200.jpg 300w, https:\/\/www.serafinum.de\/ratgeber\/wp-content\/uploads\/2020\/05\/all-saints-3807214_1920-1070x713.jpg 1070w, https:\/\/www.serafinum.de\/ratgeber\/wp-content\/uploads\/2020\/05\/all-saints-3807214_1920-768x512.jpg 768w, https:\/\/www.serafinum.de\/ratgeber\/wp-content\/uploads\/2020\/05\/all-saints-3807214_1920-350x233.jpg 350w, https:\/\/www.serafinum.de\/ratgeber\/wp-content\/uploads\/2020\/05\/all-saints-3807214_1920-1024x682.jpg 1024w, https:\/\/www.serafinum.de\/ratgeber\/wp-content\/uploads\/2020\/05\/all-saints-3807214_1920-75x50.jpg 75w, https:\/\/www.serafinum.de\/ratgeber\/wp-content\/uploads\/2020\/05\/all-saints-3807214_1920-430x287.jpg 430w\" sizes=\"auto, (max-width: 1200px) 100vw, 1200px\" \/><p class=\"wp-caption-text\">Allerseelenlichter sind Grabkerzen, die urspr\u00fcnglich als Opfergabe an die Seelen im Fegefeuer zu Allerheiligen und Allerseelen auf die Gr\u00e4ber gestellt wurden.\r\n            <span class=\"social_links\">\r\n                <a title=\"auf pinterest teilen\" rel=\"nofollow\" target=\"_blank\" href=\"https:\/\/pinterest.com\/pin\/create\/button\/?url=https:\/\/www.serafinum.de\/ratgeber\/wp-json\/wp\/v2\/posts\/9953&media=https:\/\/www.serafinum.de\/ratgeber\/wp-content\/uploads\/2020\/05\/all-saints-3807214_1920.jpg&description=Allerseelenlichter sind Grabkerzen, die urspr\u00fcnglich als Opfergabe an die Seelen im Fegefeuer zu Allerheiligen und Allerseelen auf die Gr\u00e4ber gestellt wurden.\"><svg x=\"0px\" y=\"0px\"\r\n\t width=\"50px\" height=\"50px\" viewBox=\"0 0 50 50\"><path d=\"M39.553,5.124c-3.441-3.303-8.205-5.123-13.412-5.123c-7.953,0-12.845,3.26-15.548,5.995\r\n\t\tc-3.331,3.37-5.241,7.846-5.241,12.278c0,5.566,2.327,9.837,6.227,11.427c0.262,0.107,0.524,0.16,0.783,0.16\r\n\t\tc0.822,0,1.474-0.537,1.699-1.4c0.132-0.496,0.437-1.717,0.569-2.248c0.284-1.046,0.055-1.55-0.564-2.279\r\n\t\tc-1.128-1.336-1.652-2.912-1.652-4.966c0-6.098,4.541-12.58,12.958-12.58c6.678,0,10.826,3.796,10.826,9.906\r\n\t\tc0,3.855-0.83,7.425-2.338,10.054c-1.049,1.826-2.893,4.004-5.723,4.004c-1.223,0-2.322-0.504-3.016-1.379\r\n\t\tc-0.656-0.828-0.871-1.898-0.607-3.013c0.297-1.262,0.703-2.576,1.096-3.846c0.717-2.32,1.395-4.513,1.395-6.262\r\n\t\tc0-2.991-1.84-5.001-4.576-5.001c-3.479,0-6.203,3.532-6.203,8.042c0,2.211,0.588,3.866,0.854,4.5\r\n\t\tc-0.438,1.857-3.042,12.894-3.536,14.974c-0.285,1.217-2.006,10.813,0.842,11.576c3.2,0.861,6.06-8.484,6.351-9.541\r\n\t\tc0.236-0.859,1.062-4.107,1.567-6.104c1.545,1.488,4.032,2.494,6.452,2.494c4.563,0,8.664-2.053,11.553-5.781\r\n\t\tc2.801-3.615,4.342-8.654,4.342-14.187C44.648,12.499,42.791,8.234,39.553,5.124z\"\/><\/svg><\/a>\r\n                <a title=\"auf facebook teilen\" rel=\"nofollow\" target=\"_blank\" href=\"https:\/\/www.facebook.com\/sharer\/sharer.php?u=https:\/\/www.serafinum.de\/ratgeber\/wp-json\/wp\/v2\/posts\/9953\"><svg x=\"0px\" y=\"0px\" width=\"23.325px\" height=\"49.982px\" viewBox=\"0 0 23.325 49.982\"><path d=\"M5.042,9.68c0,1.26,0,6.882,0,6.882H0v8.415h5.042v25.005h10.356V24.977h6.95\r\n\t\tc0,0,0.651-4.035,0.966-8.447c-0.905,0-7.877,0-7.877,0s0-4.896,0-5.753c0-0.86,1.129-2.017,2.246-2.017c1.114,0,3.465,0,5.642,0\r\n\t\tc0-1.146,0-5.104,0-8.76c-2.907,0-6.214,0-7.672,0C4.786,0,5.042,8.423,5.042,9.68z\"\/><\/svg><\/a>\r\n                <a title=\"Download der Grafik\" rel=\"nofollow\" target=\"_blank\" href=\"https:\/\/www.serafinum.de\/ratgeber\/wp-content\/uploads\/2020\/05\/all-saints-3807214_1920.jpg?original\"><svg viewBox=\"0 0 576 512\"><path d=\"M528 288h-92.1l46.1-46.1c30.1-30.1 8.8-81.9-33.9-81.9h-64V48c0-26.5-21.5-48-48-48h-96c-26.5 0-48 21.5-48 48v112h-64c-42.6 0-64.2 51.7-33.9 81.9l46.1 46.1H48c-26.5 0-48 21.5-48 48v128c0 26.5 21.5 48 48 48h480c26.5 0 48-21.5 48-48V336c0-26.5-21.5-48-48-48zm-400-80h112V48h96v160h112L288 368 128 208zm400 256H48V336h140.1l65.9 65.9c18.8 18.8 49.1 18.7 67.9 0l65.9-65.9H528v128zm-88-64c0-13.3 10.7-24 24-24s24 10.7 24 24-10.7 24-24 24-24-10.7-24-24z\"><\/path><\/svg><\/a>  \r\n            <\/span>\r\n        <\/p><\/div>\n<p><span id=\"12\"><\/span><div class=\"h2_h3_comby\"><h2 class=\"font\">ALLERHEILIGEN &amp; HALLOWEEN<\/h2><div class=\"line\"><\/div><p class=\"fakeH3\">Was hat Allerheiligen mit Halloween zu tun?<\/p><\/div><\/p>\n<p>Auch wenn es auf den ersten Blick nicht so aussehen mag, stehen Allerheiligen und Halloween durchaus in Verbindung miteinander. Genau genommen hat der Begriff die englische Abstammung \u201eAll Hallows\u2018 Eve\u201c, was \u00fcbersetzt bedeutet: Aller Heiligen Vorabend. Die Gestaltung des Abends vor Allerheiligen war vor allen Dingen im katholischen Irland ein weit verbreitetes Brauchtum. Irische Einwanderer brachten diese Br\u00e4uche schlie\u00dflich in die USA und so verbreitete sich dort das heute bekannte Halloween. Die heute noch verbreiteten Traditionen zu Halloween gehen auf unterschiedlichste christliche und heidnische Br\u00e4uche der letzten Jahrhunderte zur\u00fcck. So geht beispielsweise der Brauch, dass Kinder von Haus zu Haus gehen und mit \u201etrick or treat\u201c \u2013 also \u201eS\u00fc\u00dfes oder Saures\u201c \u2013 nach S\u00fc\u00dfigkeiten fragen, auf den Brauch zur\u00fcck, dass arme Kinder an Allerheiligen einen Allerseelenkuchen bekamen. Das Verkleiden an Halloween hat seinen Ursprung angeblich in der heidnischen Tradition, dass durch das Verkleiden b\u00f6se Geister vertrieben werden sollten. Eine Verbindung zwischen den verschiedenen Traditionen sind heute aufgrund mangelnder Belege aber nicht mehr haltbar und werden von Experten vielmehr als Projektion historischer Ereignisse angesehen. Auf welche Traditionen sich die Br\u00e4uche zu Halloween also wirklich st\u00fctzen, ist nicht eindeutig belegbar.<\/p>\n<blockquote><p>All Hallow\u2019s Eve (dt. Aller Heiligen Vorabend) ist der Ursprung des heutigen Halloweens.<\/p><\/blockquote>\n<p><span id=\"13\"><\/span><div class=\"h2_h3_comby\"><h2 class=\"font\">TANZVERBOT AN ALLERHEILIGEN<\/h2><div class=\"line\"><\/div><p class=\"fakeH3\">Warum gilt an Allerheiligen ein gesetzliches Tanzverbot &amp; was bedeutet das?<\/p><\/div><\/p>\n<p>Da Allerheiligen ein sogenannter \u201estiller Feiertag\u201c ist, gilt an diesem Tag ein Verbot f\u00fcr \u00f6ffentliche Tanzveranstaltungen. Das st\u00f6\u00dft oft vor allem jungen Menschen sauer auf, die den Feiertag als perfekte Gelegenheit ansehen, um abends in eine Disko oder zu einem Konzert zu gehen, das aber aufgrund des Tanzverbots an diesem Tag nicht k\u00f6nnen. Was das Tanzverbot an Allerheiligen genau bedeutet, das unterscheidet sich von Bundesland zu Bundesland und wird \u00fcber die sogenannten Feiertagsgesetze geregelt. Fest steht aber, dass einige Gesch\u00e4fte an einem stillen Feiertag nicht \u00f6ffnen und einige Veranstaltungen nicht stattfinden d\u00fcrfen. Doch das Tanzverbot gilt nicht ausschlie\u00dflich f\u00fcr stille Feiertage, sondern wurde in der Vergangenheit schon h\u00e4ufig vom Staat angeordnet, damit sich die Bev\u00f6lkerung bestimmten Situationen angemessen verh\u00e4lt. Wann und wie das Tanzverbot eingesetzt wird und was dann alles verboten ist, erfahren Sie in den folgenden Abschnitten ausf\u00fchrlich im \u00dcberblick.<\/p>\n<p><strong>\u00a0<\/strong><\/p>\n<span id=\"14\"><\/span>\n<h3>Hintergrund des Tanzverbots<\/h3>\n<p>Tanzverbot bedeutet, dass gro\u00dfe Tanz- und Sportveranstaltungen aus moralischen Gr\u00fcnden nicht gestattet sind. Urspr\u00fcnglich wurde es zu bestimmten Zeiten im Kirchenjahr eingef\u00fchrt, da fr\u00f6hliche Feste zu diesen Zeiten als unangemessen und piet\u00e4tlos angesehen wurden. So galt in der christlichen Religion in Deutschland beispielsweise im Advent und w\u00e4hrend der Fastenzeit ein Tanzverbot, welches sp\u00e4ter auch auf die Karwoche bis zum Ostersonntag ausgeweitet wurde. Das Tanzverbot hat in vielen Kulturen eine lange Tradition. An bestimmten Tagen oder zu bestimmten Zeitpunkten galt das Tanzen als unangemessen und wurde deshalb verboten. Das gibt es nicht nur bei christlichen Feiertagen wie Allerheiligen, sondern wurde auch w\u00e4hrend Kriegszeiten zeitweise bestimmt. Dass viele \u00f6ffentliche Aktivit\u00e4ten und Veranstaltungen an Allerheiligen verboten sind, liegt daran, dass der Tag des Gedenkens an die Toten in Stille begangen und nicht gest\u00f6rt werden soll.<\/p>\n<p><strong>\u00a0<\/strong><\/p>\n<span id=\"15\"><\/span>\n<h3>Verbote an Allerheiligen<\/h3>\n<p>Ein Tanzverbot bedeutet in der Regel genau das: \u00d6ffentliche Tanzveranstaltungen und Tanzunterhaltungen sind w\u00e4hrend des Feiertags nicht erlaubt. An Allerheiligen ist in den Bundesl\u00e4ndern meist ein Tanzverbot zwischen 2:00, 3:00 oder 4:00 Uhr morgens bis 24:00 Uhr nachts festgelegt. Das bedeutet, dass in der Nacht davor, also vom 31. Oktober auf den 1. November, bis zur im jeweiligen Bundesland festgelegten Uhrzeit noch Tanzveranstaltungen stattfinden d\u00fcrfen. Doch nicht nur das Tanzen ist an Allerheiligen untersagt. Es werden einige weitere Aktivit\u00e4ten untersagt, die zumeist bei Jugendlichen auf Unverst\u00e4ndnis sto\u00dfen. So sind beispielsweise Sportveranstaltungen nicht erlaubt. Fu\u00dfballspiele und andere \u00f6ffentlichen sportlichen Events d\u00fcrfen also an Allerheiligen nicht abgehalten werden. Dar\u00fcber hinaus d\u00fcrfen M\u00e4rkte, Messen, Volksfeste und Gesch\u00e4fte an Allerheiligen nicht ge\u00f6ffnet werden. Ausgeschlossen aus dieser Regelung sind B\u00e4ckereien und Blumenh\u00e4ndler. Diese d\u00fcrfen, wie an Sonntagen auch, f\u00fcnf Stunden \u00f6ffnen.<\/p>\n<p>&nbsp;<\/p>\n<span id=\"16\"><\/span>\n<h3>Film-Verbote an Allerheiligen<\/h3>\n<p>An diesem stillen Feiertag d\u00fcrfen eine Reihe von Filmen, welche nicht des sittlichen Empfindens entsprechen, nicht gezeigt werden. Die Auswahl, welche Filme dazu geh\u00f6ren, trifft die <a title=\"FSK \u2013 Website der Freiwilligen Selbstkontrolle der Filmwirtschaft\" href=\"https:\/\/www.spio-fsk.de\/?seitid=2&amp;tid=2\" target=\"_blank\" rel=\"noopener noreferrer\">FSK<\/a>\u00a0(Freiwillige Selbstkontrolle der Filmwirtschaft). So kann es durchaus passieren, dass einige Filme an Allerheiligen nicht im Kino gezeigt werden. Um sich an die Vorgaben zu halten, erhielten Kinobetreiber von der <a title=\"SPIO \u2013 Website der Spitzenorganisation der Filmwirtschaft\" href=\"https:\/\/www.spio.de\/?seitid=1&amp;tid=1\" target=\"_blank\" rel=\"noopener noreferrer\">SPIO<\/a> (Spitzenorganisation der Filmwirtschaft) eine Liste mit Filmen, die an Allerheiligen und an anderen Feiertagen nicht gezeigt werden d\u00fcrfen. Dazu geh\u00f6ren beispielsweise:<\/p>\n<ul>\n<li>F\u00fcr eine Handvoll Dollar<\/li>\n<li>Tanz der Vampire<\/li>\n<li>Monty Pythons \u2013 Das Leben des Brian<\/li>\n<li>The Rocky Horror Picture Show<\/li>\n<li>Der Terminator<\/li>\n<li>Lammbock<\/li>\n<li>Dumm und D\u00fcmmer 2<\/li>\n<li>Freddie Vs. Jason<\/li>\n<\/ul>\n<p>Und viele weitere Filme mehr. Insgesamt stehen auf dieser <a title=\"Gesamte Liste der SPIO im \u00dcberblick\" href=\"http:\/\/www.fsk.de\/media_Content\/3224.pdf\" target=\"_blank\" rel=\"noopener noreferrer\">Liste<\/a>\u00a0etwa 750 St\u00fcck.<\/p>\n<p>&nbsp;<\/p>\n<p><span id=\"17\"><\/span><div class=\"h2_h3_comby\"><h2 class=\"font\">DIE SCH\u00d6NSTE GRABBEPFLANZUNG ZU ALLERHEILIGEN<\/h2><div class=\"line\"><\/div><p class=\"fakeH3\">Welche Grabbepflanzung eignet sich f\u00fcr Allerheiligen?<\/p><\/div><\/p>\n<div id=\"attachment_9965\" class=\"wp-caption aligncenter\" style=\"width: 1210px\"><img loading=\"lazy\" decoding=\"async\" class=\"wp-image-9965 size-full\" title=\"Grabgestaltung zu Allerheiligen traditionell mit Chrysanthemen und Grablichtern\" src=\"https:\/\/www.serafinum.de\/ratgeber\/wp-content\/uploads\/2020\/05\/cemetery-1788443_1920.jpg\" alt=\"Grabgestaltung zu Allerheiligen traditionell mit Chrysanthemen und Grablichtern\" width=\"1200\" height=\"800\" srcset=\"https:\/\/www.serafinum.de\/ratgeber\/wp-content\/uploads\/2020\/05\/cemetery-1788443_1920.jpg 1200w, https:\/\/www.serafinum.de\/ratgeber\/wp-content\/uploads\/2020\/05\/cemetery-1788443_1920-300x200.jpg 300w, https:\/\/www.serafinum.de\/ratgeber\/wp-content\/uploads\/2020\/05\/cemetery-1788443_1920-1070x713.jpg 1070w, https:\/\/www.serafinum.de\/ratgeber\/wp-content\/uploads\/2020\/05\/cemetery-1788443_1920-768x512.jpg 768w, https:\/\/www.serafinum.de\/ratgeber\/wp-content\/uploads\/2020\/05\/cemetery-1788443_1920-350x233.jpg 350w, https:\/\/www.serafinum.de\/ratgeber\/wp-content\/uploads\/2020\/05\/cemetery-1788443_1920-1024x682.jpg 1024w, https:\/\/www.serafinum.de\/ratgeber\/wp-content\/uploads\/2020\/05\/cemetery-1788443_1920-75x50.jpg 75w, https:\/\/www.serafinum.de\/ratgeber\/wp-content\/uploads\/2020\/05\/cemetery-1788443_1920-430x287.jpg 430w\" sizes=\"auto, (max-width: 1200px) 100vw, 1200px\" \/><p class=\"wp-caption-text\">Die Grabgestaltung zu Allerheiligen und Allerseelen bestand urspr\u00fcnglich aus Allerseelenst\u00f6cken aus Chrysanthemen und Grablichtern \u2013 sogenannten Allerseelenlichtern.\r\n            <span class=\"social_links\">\r\n                <a title=\"auf pinterest teilen\" rel=\"nofollow\" target=\"_blank\" href=\"https:\/\/pinterest.com\/pin\/create\/button\/?url=https:\/\/www.serafinum.de\/ratgeber\/wp-json\/wp\/v2\/posts\/9953&media=https:\/\/www.serafinum.de\/ratgeber\/wp-content\/uploads\/2020\/05\/cemetery-1788443_1920.jpg&description=Die Grabgestaltung zu Allerheiligen und Allerseelen bestand urspr\u00fcnglich aus Allerseelenst\u00f6cken aus Chrysanthemen und Grablichtern \u2013 sogenannten Allerseelenlichtern.\"><svg x=\"0px\" y=\"0px\"\r\n\t width=\"50px\" height=\"50px\" viewBox=\"0 0 50 50\"><path d=\"M39.553,5.124c-3.441-3.303-8.205-5.123-13.412-5.123c-7.953,0-12.845,3.26-15.548,5.995\r\n\t\tc-3.331,3.37-5.241,7.846-5.241,12.278c0,5.566,2.327,9.837,6.227,11.427c0.262,0.107,0.524,0.16,0.783,0.16\r\n\t\tc0.822,0,1.474-0.537,1.699-1.4c0.132-0.496,0.437-1.717,0.569-2.248c0.284-1.046,0.055-1.55-0.564-2.279\r\n\t\tc-1.128-1.336-1.652-2.912-1.652-4.966c0-6.098,4.541-12.58,12.958-12.58c6.678,0,10.826,3.796,10.826,9.906\r\n\t\tc0,3.855-0.83,7.425-2.338,10.054c-1.049,1.826-2.893,4.004-5.723,4.004c-1.223,0-2.322-0.504-3.016-1.379\r\n\t\tc-0.656-0.828-0.871-1.898-0.607-3.013c0.297-1.262,0.703-2.576,1.096-3.846c0.717-2.32,1.395-4.513,1.395-6.262\r\n\t\tc0-2.991-1.84-5.001-4.576-5.001c-3.479,0-6.203,3.532-6.203,8.042c0,2.211,0.588,3.866,0.854,4.5\r\n\t\tc-0.438,1.857-3.042,12.894-3.536,14.974c-0.285,1.217-2.006,10.813,0.842,11.576c3.2,0.861,6.06-8.484,6.351-9.541\r\n\t\tc0.236-0.859,1.062-4.107,1.567-6.104c1.545,1.488,4.032,2.494,6.452,2.494c4.563,0,8.664-2.053,11.553-5.781\r\n\t\tc2.801-3.615,4.342-8.654,4.342-14.187C44.648,12.499,42.791,8.234,39.553,5.124z\"\/><\/svg><\/a>\r\n                <a title=\"auf facebook teilen\" rel=\"nofollow\" target=\"_blank\" href=\"https:\/\/www.facebook.com\/sharer\/sharer.php?u=https:\/\/www.serafinum.de\/ratgeber\/wp-json\/wp\/v2\/posts\/9953\"><svg x=\"0px\" y=\"0px\" width=\"23.325px\" height=\"49.982px\" viewBox=\"0 0 23.325 49.982\"><path d=\"M5.042,9.68c0,1.26,0,6.882,0,6.882H0v8.415h5.042v25.005h10.356V24.977h6.95\r\n\t\tc0,0,0.651-4.035,0.966-8.447c-0.905,0-7.877,0-7.877,0s0-4.896,0-5.753c0-0.86,1.129-2.017,2.246-2.017c1.114,0,3.465,0,5.642,0\r\n\t\tc0-1.146,0-5.104,0-8.76c-2.907,0-6.214,0-7.672,0C4.786,0,5.042,8.423,5.042,9.68z\"\/><\/svg><\/a>\r\n                <a title=\"Download der Grafik\" rel=\"nofollow\" target=\"_blank\" href=\"https:\/\/www.serafinum.de\/ratgeber\/wp-content\/uploads\/2020\/05\/cemetery-1788443_1920.jpg?original\"><svg viewBox=\"0 0 576 512\"><path d=\"M528 288h-92.1l46.1-46.1c30.1-30.1 8.8-81.9-33.9-81.9h-64V48c0-26.5-21.5-48-48-48h-96c-26.5 0-48 21.5-48 48v112h-64c-42.6 0-64.2 51.7-33.9 81.9l46.1 46.1H48c-26.5 0-48 21.5-48 48v128c0 26.5 21.5 48 48 48h480c26.5 0 48-21.5 48-48V336c0-26.5-21.5-48-48-48zm-400-80h112V48h96v160h112L288 368 128 208zm400 256H48V336h140.1l65.9 65.9c18.8 18.8 49.1 18.7 67.9 0l65.9-65.9H528v128zm-88-64c0-13.3 10.7-24 24-24s24 10.7 24 24-10.7 24-24 24-24-10.7-24-24z\"><\/path><\/svg><\/a>  \r\n            <\/span>\r\n        <\/p><\/div>\n<p>Da Allerheiligen als Anlass genutzt wird, um das Grab von Verstorbenen f\u00fcr den Winter vorzubereiten, sollten Sie bei der Wahl der Pflanzen einige Dinge beachten. Wichtig ist vor allen Dingen, winterharte bzw. <a title=\"Ganzj\u00e4hrige Grabbepflanzung &amp; Friedhofsbepflanzung\" href=\"https:\/\/www.serafinum.de\/ratgeber\/grabbepflanzung\/\" rel=\"\">ganzj\u00e4hrige Pflanzen<\/a>\u00a0oder Winterbl\u00fcher zu verwenden. Die Besenheide geh\u00f6rt zu den beliebtesten Pflanzen, um das Grab im Winter zu dekorieren. Doch auch die Christrose ziert das Grab in den kalten Monaten wundersch\u00f6n, genauso wie Astern in den verschiedensten Farben. Ein weiteres wundersch\u00f6nes Pfl\u00e4nzchen f\u00fcr die herbstliche und winterliche Grabbepflanzung ist das Alpenveilchen, welches auch kalten Temperaturen trotzen kann und in den dunklen Monaten das Grab mit sch\u00f6nsten Farben dekoriert. Anemone, Herbstmargeriten, Herbstzeitlose, Fetthenne, Sonnenhut und Viola machen die Grabbepflanzung perfekt. Kombinieren Sie die Bl\u00fchpflanzen mit immergr\u00fcnen Gew\u00e4chsen wie beispielsweise Mauerpfeffer, Immergr\u00fcn oder Scheinbeere. Auch Thuja und Efeu sind beliebte Pflanzen f\u00fcr eine robuste und unempfindliche Grabgestaltung in den kalten Monaten.<\/p>\n<p>&nbsp;<\/p>\n<div class=\"single_button\"><a href=\"https:\/\/www.serafinum.de\/ratgeber\/grabgestaltung-im-herbst\/\" title=\"Grabgestaltung im Herbst \u2013 Beispiele f\u00fcr herbstliche Grabbepflanzung\">Herbstliche Grabgestaltung<\/a><\/div>\n<p>&nbsp;<\/p>\n<p><span id=\"18\"><\/span><div class=\"h2_h3_comby\"><h2 class=\"font\">GRABGESTECKE F\u00dcR ALLERHEILIGEN<\/h2><div class=\"line\"><\/div><p class=\"fakeH3\">Welche Grabgestecke eignen sich f\u00fcr Allerheiligen?<\/p><\/div><\/p>\n<p>Traditionell wird das Grab an Allerheiligen mit einem Allerseelenstock dekoriert. Der Allerseelenstock bestand urspr\u00fcnglich ausschlie\u00dflich aus wei\u00dfen Chrysanthemen, welche Liebe, die \u00fcber den Tod hinaus besteht, symbolisieren soll. Neue Trends in der Grabgestaltung entwickelten aber ein breites Angebot an St\u00f6cken, Kr\u00e4nzen, Legestr\u00e4u\u00dfen und anderen Gestecken aus unterschiedlichsten Pflanzen. <a title=\"Trauergestecke &amp; Trauerkranz: Tipps zur Gestaltung\" href=\"https:\/\/www.serafinum.de\/ratgeber\/trauergesteck\/\" rel=\"\">Grabgestecke<\/a>\u00a0werden in der Regel von G\u00e4rtnereien oder Blumenl\u00e4den hergestellt. Hier gibt es eine gro\u00dfe Auswahl an fertigen Gestecken, aber auch ein Gesteck speziell nach Ihren W\u00fcnschen ist m\u00f6glich. \u00dcbermitteln Sie dem Florist Ihre Wunschfarbe oder eine Blume, die auf jeden Fall verarbeitet werden soll, kreiert dieser daraus ein sch\u00f6nes, individuelles St\u00fcck. Achten Sie aber unbedingt darauf, dass die von Ihnen ausgew\u00e4hlten Pflanzen kalte Temperaturen \u00fcberstehen k\u00f6nnen. Haben Sie in diesem Bereich keine ausgepr\u00e4gten Kenntnisse, so ber\u00e4t der Florist Sie hier gerne und gibt Ihnen Empfehlungen f\u00fcr Grabgestecke, die f\u00fcr lange Zeit das Grab dekorieren und nicht zu schnell verderben.<\/p>\n<p>&nbsp;<\/p>\n<div class=\"single_button\"><a href=\"https:\/\/www.serafinum.de\/ratgeber\/dauergrabpflege-preise-kosten\/\" title=\"Dauergrabpflege \u2013 Alle Informationen zu Preisen, laufenden Kosten &amp; Co.\">Dauergrabpflege Infos<\/a><\/div>\n<p>&nbsp;<\/p>\n<p><span id=\"19\"><\/span><div class=\"h2_h3_comby\"><h2 class=\"font\">PASSENDE GRABDEKORATION ZU ALLERHEILIGEN<\/h2><div class=\"line\"><\/div><p class=\"fakeH3\">Womit kann ein Grab an Allerheiligen am besten geschm\u00fcckt werden?<\/p><\/div><\/p>\n<p>Einzelne Dekoelemente versch\u00f6nern das Grab zur Allerheiligen-Zeit, im Herbst und im Winter zus\u00e4tzlich zu winterfester Bepflanzung und Grabgestecken. Traditionell werden zu Allerheiligen und Allerseelen rote Grablichter auf das Grab gestellt und angez\u00fcndet. Diese sogenannten Allerseelenlichter tauchen das Grab in ein wundersch\u00f6nes, warmes Licht. Passend dazu k\u00f6nnen Sie kleine <a title=\"Grabfiguren (TOP-Qualit\u00e4t) online kaufen\" href=\"https:\/\/www.serafinum.de\/Grabfiguren\" target=\"_blank\" rel=\"noopener noreferrer\">Grabfiguren<\/a>, wie beispielsweise Engel, Madonnen, gefaltete H\u00e4nde, Herzen, V\u00f6gel oder Jesusfiguren auf dem Grab dekorieren. Doch auch andere Elemente, wie zum Beispiel ein Weihwassersch\u00e4lchen harmoniert perfekt zur herbstlichen Grabbepflanzung. Ist Ihnen die Grabkerze, das Allerseelenlicht, nicht genug, so k\u00f6nnen Sie <a title=\"Grablaternen (TOP-Qualit\u00e4t) online kaufen\" href=\"https:\/\/www.serafinum.de\/Grablaternen\" target=\"_blank\" rel=\"noopener noreferrer\">Grablaternen<\/a>\u00a0erg\u00e4nzen. Diese gibt es in den verschiedensten Designs, Farben und Ausf\u00fchrungen. Von modern \u00fcber klassisch bis hin zu au\u00dfergew\u00f6hnlich sind auf dem Markt Modelle zu finden. Erg\u00e4nzen Sie dann noch eine Grabvase, in welche Sie regelm\u00e4\u00dfig einen neuen Strau\u00df Schnittblumen stecken k\u00f6nnen, so ist das von Ihnen gepflegte Grab den ganzen Winter \u00fcber wundersch\u00f6n anzusehen und eine harmonische St\u00e4tte, um sich an den Verstorbenen zu erinnern und um ihn zu trauern.<\/p>\n<p>&nbsp;<\/p>\n<div id=\"attachment_9963\" class=\"wp-caption aligncenter\" style=\"width: 1210px\"><img loading=\"lazy\" decoding=\"async\" class=\"wp-image-9963 size-full\" title=\"Allerseelenlichter zu Allerheiligen auf den Friedh\u00f6fen \" src=\"https:\/\/www.serafinum.de\/ratgeber\/wp-content\/uploads\/2020\/05\/candle-3802101_1920.jpg\" alt=\"Allerseelenlichter zu Allerheiligen auf den Friedh\u00f6fen \" width=\"1200\" height=\"800\" srcset=\"https:\/\/www.serafinum.de\/ratgeber\/wp-content\/uploads\/2020\/05\/candle-3802101_1920.jpg 1200w, https:\/\/www.serafinum.de\/ratgeber\/wp-content\/uploads\/2020\/05\/candle-3802101_1920-300x200.jpg 300w, https:\/\/www.serafinum.de\/ratgeber\/wp-content\/uploads\/2020\/05\/candle-3802101_1920-1070x713.jpg 1070w, https:\/\/www.serafinum.de\/ratgeber\/wp-content\/uploads\/2020\/05\/candle-3802101_1920-768x512.jpg 768w, https:\/\/www.serafinum.de\/ratgeber\/wp-content\/uploads\/2020\/05\/candle-3802101_1920-350x233.jpg 350w, https:\/\/www.serafinum.de\/ratgeber\/wp-content\/uploads\/2020\/05\/candle-3802101_1920-1024x682.jpg 1024w, https:\/\/www.serafinum.de\/ratgeber\/wp-content\/uploads\/2020\/05\/candle-3802101_1920-75x50.jpg 75w, https:\/\/www.serafinum.de\/ratgeber\/wp-content\/uploads\/2020\/05\/candle-3802101_1920-430x287.jpg 430w\" sizes=\"auto, (max-width: 1200px) 100vw, 1200px\" \/><p class=\"wp-caption-text\">Allerseelenlichter werden zu Allerheiligen und Allerseelen auf den Friedh\u00f6fen aufgestellt.\r\n            <span class=\"social_links\">\r\n                <a title=\"auf pinterest teilen\" rel=\"nofollow\" target=\"_blank\" href=\"https:\/\/pinterest.com\/pin\/create\/button\/?url=https:\/\/www.serafinum.de\/ratgeber\/wp-json\/wp\/v2\/posts\/9953&media=https:\/\/www.serafinum.de\/ratgeber\/wp-content\/uploads\/2020\/05\/candle-3802101_1920.jpg&description=Allerseelenlichter werden zu Allerheiligen und Allerseelen auf den Friedh\u00f6fen aufgestellt.\"><svg x=\"0px\" y=\"0px\"\r\n\t width=\"50px\" height=\"50px\" viewBox=\"0 0 50 50\"><path d=\"M39.553,5.124c-3.441-3.303-8.205-5.123-13.412-5.123c-7.953,0-12.845,3.26-15.548,5.995\r\n\t\tc-3.331,3.37-5.241,7.846-5.241,12.278c0,5.566,2.327,9.837,6.227,11.427c0.262,0.107,0.524,0.16,0.783,0.16\r\n\t\tc0.822,0,1.474-0.537,1.699-1.4c0.132-0.496,0.437-1.717,0.569-2.248c0.284-1.046,0.055-1.55-0.564-2.279\r\n\t\tc-1.128-1.336-1.652-2.912-1.652-4.966c0-6.098,4.541-12.58,12.958-12.58c6.678,0,10.826,3.796,10.826,9.906\r\n\t\tc0,3.855-0.83,7.425-2.338,10.054c-1.049,1.826-2.893,4.004-5.723,4.004c-1.223,0-2.322-0.504-3.016-1.379\r\n\t\tc-0.656-0.828-0.871-1.898-0.607-3.013c0.297-1.262,0.703-2.576,1.096-3.846c0.717-2.32,1.395-4.513,1.395-6.262\r\n\t\tc0-2.991-1.84-5.001-4.576-5.001c-3.479,0-6.203,3.532-6.203,8.042c0,2.211,0.588,3.866,0.854,4.5\r\n\t\tc-0.438,1.857-3.042,12.894-3.536,14.974c-0.285,1.217-2.006,10.813,0.842,11.576c3.2,0.861,6.06-8.484,6.351-9.541\r\n\t\tc0.236-0.859,1.062-4.107,1.567-6.104c1.545,1.488,4.032,2.494,6.452,2.494c4.563,0,8.664-2.053,11.553-5.781\r\n\t\tc2.801-3.615,4.342-8.654,4.342-14.187C44.648,12.499,42.791,8.234,39.553,5.124z\"\/><\/svg><\/a>\r\n                <a title=\"auf facebook teilen\" rel=\"nofollow\" target=\"_blank\" href=\"https:\/\/www.facebook.com\/sharer\/sharer.php?u=https:\/\/www.serafinum.de\/ratgeber\/wp-json\/wp\/v2\/posts\/9953\"><svg x=\"0px\" y=\"0px\" width=\"23.325px\" height=\"49.982px\" viewBox=\"0 0 23.325 49.982\"><path d=\"M5.042,9.68c0,1.26,0,6.882,0,6.882H0v8.415h5.042v25.005h10.356V24.977h6.95\r\n\t\tc0,0,0.651-4.035,0.966-8.447c-0.905,0-7.877,0-7.877,0s0-4.896,0-5.753c0-0.86,1.129-2.017,2.246-2.017c1.114,0,3.465,0,5.642,0\r\n\t\tc0-1.146,0-5.104,0-8.76c-2.907,0-6.214,0-7.672,0C4.786,0,5.042,8.423,5.042,9.68z\"\/><\/svg><\/a>\r\n                <a title=\"Download der Grafik\" rel=\"nofollow\" target=\"_blank\" href=\"https:\/\/www.serafinum.de\/ratgeber\/wp-content\/uploads\/2020\/05\/candle-3802101_1920.jpg?original\"><svg viewBox=\"0 0 576 512\"><path d=\"M528 288h-92.1l46.1-46.1c30.1-30.1 8.8-81.9-33.9-81.9h-64V48c0-26.5-21.5-48-48-48h-96c-26.5 0-48 21.5-48 48v112h-64c-42.6 0-64.2 51.7-33.9 81.9l46.1 46.1H48c-26.5 0-48 21.5-48 48v128c0 26.5 21.5 48 48 48h480c26.5 0 48-21.5 48-48V336c0-26.5-21.5-48-48-48zm-400-80h112V48h96v160h112L288 368 128 208zm400 256H48V336h140.1l65.9 65.9c18.8 18.8 49.1 18.7 67.9 0l65.9-65.9H528v128zm-88-64c0-13.3 10.7-24 24-24s24 10.7 24 24-10.7 24-24 24-24-10.7-24-24z\"><\/path><\/svg><\/a>  \r\n            <\/span>\r\n        <\/p><\/div>\n<p>&nbsp;<\/p>\n<div class=\"single_button\"><a href=\"https:\/\/www.serafinum.de\/Grabschmuck\" title=\"Grabschmuck (TOP-Qualit\u00e4t) online kaufen\">Grabschmuck finden<\/a><\/div>\n<p>&nbsp;<\/p>\n<p><span id=\"20\"><\/span><div class=\"h2_h3_comby\"><h2 class=\"font\">ALLERHEILIGEN IN ANDEREN L\u00c4NDERN<\/h2><div class=\"line\"><\/div><p class=\"fakeH3\">Wie wird Allerheiligen in anderen L\u00e4ndern gefeiert?<\/p><\/div><\/p>\n<p>Die Tradition des Totengedenkens ist nicht nur im europ\u00e4ischen Raum weit verbreitet. Auch andere L\u00e4nder, in welchen unter anderem der christliche Glaube verbreitet ist, pflegen die Tradition am 1. und 2. November. Dabei werden die Feierlichkeiten zu diesem Tag in den verschiedenen L\u00e4ndern aber v\u00f6llig unterschiedlich begangen. W\u00e4hrend in anderen deutschsprachigen L\u00e4ndern wie beispielsweise \u00d6sterreich die Traditionen relativ \u00e4hnlich sind, pflegt die Bev\u00f6lkerung in entfernteren L\u00e4ndern andere Traditionen, die bei uns auf Unverst\u00e4ndnis sto\u00dfen k\u00f6nnten. Jedoch hat jede Kultur ihre eigene Art, mit dem Tod umzugehen und so gestaltet sich die Tradition in jedem Land interessant und erlebenswert. So ist beispielsweise die Art mit dem Tod umzugehen in Mexiko eine v\u00f6llig andere als in Deutschland. Die Traditionen des Dia de los Muertos haben sich l\u00e4ngst in der Welt herumgesprochen und werden von vielen Menschen begr\u00fc\u00dft. Doch auch auf den Philippinen gestaltet sich das Allerheiligenfest anders als bei uns. Welche Traditionen in anderen L\u00e4ndern gepflegt werden, erfahren Sie in den folgenden Abschnitten.<\/p>\n<p><strong>\u00a0<\/strong><\/p>\n<span id=\"21\"><\/span>\n<h3>Mexiko: Dia de los Muertos<\/h3>\n<p>Der <a title=\"Mexikos Tag der Toten: Der Dia de los Muertos\" href=\"https:\/\/www.serafinum.de\/ratgeber\/tag-der-toten-mexiko\/\" rel=\"\">Dia de los Muertos<\/a>\u00a0(\u201eTag der Toten\u201c) wird traditionell in Mexiko gefeiert. Die Festivit\u00e4ten dauern vom Vorabend von Allerheiligen bis zur Mitternacht an Allerseelen. Im Gegensatz zu anderen Kulturen wird in Mexiko der Tag der Toten bunt und fr\u00f6hlich gefeiert. Mexikaner glauben, dass die Toten w\u00e4hrend dieser Tage zur\u00fcckkehren, um ihre Hinterbliebenen zu besuchen. Deshalb zielen viele Br\u00e4uche am Dia de los Muertos darauf ab, den Verstorbenen den R\u00fcckweg zu ihren Familien so sch\u00f6n wie m\u00f6glich zu machen. Einheimische schm\u00fccken die Stra\u00dfen mit Blumen und dekorieren sie mit Skeletten, Totenk\u00f6pfen und anderen Symbolen. Das Zentrum der Feierlichkeiten sind die sogenannten Ofrendas, also Gabentische f\u00fcr die Verstorbenen, welche von Hinterbliebenen in ihren H\u00e4usern und an \u00f6ffentlichen Pl\u00e4tzen aufgestellt werden. Sie werden reich dekoriert: mit Blumen, Essen, Getr\u00e4nken und pers\u00f6nlichen Erinnerungsst\u00fccken. Damit sollen sich die Verstorbenen auf ihrer Reise st\u00e4rken und die Gaben mit ins Totenreich nehmen k\u00f6nnen.<\/p>\n\n    <div class=\"size_l\">            \n        <div class=\"yt_player\" data-src=\"https:\/\/www.youtube.com\/embed\/R02ZyM-zHL8 \">\n        <img class=\"playIcon\" data-src=\"https:\/\/www.serafinum.de\/ratgeber\/wp-content\/themes\/garta\/img\/ytPlayIcon.png\"\/> \n            <img decoding=\"async\" class=\"ytPre\" title=\"Allerheiligen (Allerseelen) \u00dcberblick\" alt=\"Allerheiligen (Allerseelen) \u00dcberblick\" loading=\"lazy\" src=\"https:\/\/img.youtube.com\/vi\/R02ZyM-zHL8\/maxresdefault.jpg\"\/>\n                <iframe width=\"560\" height=\"315\" data-src=\"https:\/\/www.youtube-nocookie.com\/embed\/R02ZyM-zHL8?autoplay=1\" frameborder=\"0\" allowfullscreen><\/iframe>        \n        <\/div>\n    <\/div>\n    \n<span id=\"22\"><\/span>\n<h3>Philippinen: Araw ng mgba Patay<\/h3>\n<p>Allerheiligen und Allerseelen wird auch auf den Philippinen am 1. und 2. November gefeiert. Das Fest des Tags der Toten nennt man dort Araw ng mgba Patay, Allerheiligen wird als Undas bezeichnet. In der Regel werden die Toten auf den Philippinen mit fr\u00f6hlichen Festen gefeiert, doch die beiden Feiertage werden auch hier mit Ruhe und Respekt begangen. Traditionell fahren philippinische Familien zu diesen Feiertagen in die Heimat ihrer Eltern, um die Gr\u00e4ber ihrer verstorbenen Angeh\u00f6rigen herzurichten und herauszuputzen. Der Tag der Toten wird dort gemeinsam mit den lebenden und den toten Familienmitgliedern gefeiert. Dazu str\u00f6men Millionen Filipinos auf die Friedh\u00f6fe, auf denen ihre Angeh\u00f6rigen liegen. Ausgestattet mit Blumen, Kerzen, Essen und Getr\u00e4nken treffen Sie sich dort, um ein Picknick mit ihren Familien zu veranstalten und den Tag gemeinsam zu verbringen.<\/p>\n<p><strong>\u00a0<\/strong><\/p>\n<p><span id=\"23\"><\/span><div class=\"h2_h3_comby\"><h2 class=\"font\">ZUSAMMENFASSUNG<\/h2><div class=\"line\"><\/div><p class=\"fakeH3\">Welche Punkte sind wichtig beim Thema Allerheiligen?<\/p><\/div><\/p>\n<p>Allerheiligen ist ein Fest mit langer Tradition in der christlichen Kirche und wird jedes Jahr am 1. November gefeiert. Eng verbunden ist es mit Allerseelen am 2. November und Halloween am 31. Oktober, da alle Feste einen urspr\u00fcnglich religi\u00f6sen Hintergrund besitzen. An Allerheiligen soll allen Heiligen, den bekannten wie den unbekannten, gedacht werden, die bei Gott sind. Allerseelen ist ein Fest f\u00fcr alle verstorbenen Seelen, die noch im Fegefeuer von ihren S\u00fcnden gereinigt werden. Durch Erinnerung und Gebete der Lebenden soll ihre Zeit im Fegefeuer verk\u00fcrzt werden. Deshalb sind Allerheiligen und Allerseelen im Laufe der Zeit zusammengeschmolzen zu einem Fest, an welchem allen Toten gedacht wird. Einige Traditionen wie das Allerseelenlicht oder der Allerseelengang werden heute noch gepflegt, andere geraten langsam in Vergessenheit. Das Fest ist ein stiller Feiertag, weshalb an Allerheiligen ein Tanzverbot in einigen Bundesl\u00e4ndern gilt. In anderen L\u00e4ndern, in welchen Allerheiligen ebenfalls gefeiert wird wie beispielsweise Mexiko, wird der Tag der Toten aber mit v\u00f6llig anderen Traditionen begangen. Hier soll der Tag ein gro\u00dfes Fest mit Blumen, Musik und Freude sein. So hat jede Kultur ihre eigenen Br\u00e4uche, mit welchen sie ihre Verstorbenen w\u00fcrdigt.<\/p>\n<div class=\"rating reference\"><div class=\"inside\"><div class=\"heading\"><p class=\"font\">Wie gef\u00e4llt Ihnen diese Seite?<\/p><\/div><\/div><div id=\"post-ratings-9953\" class=\"post-ratings\" data-nonce=\"ba0a582aff\"><div class=\"rating_container\">\r\n                    <div class=\"stars\">\r\n<img decoding=\"async\" id=\"rating_9953_1\" src=\"https:\/\/www.serafinum.de\/ratgeber\/wp-content\/plugins\/wp-postratings\/images\/stars_flat_png\/rating_on.png\" alt=\"1 Stern\" title=\"1 Stern\" onmouseover=\"current_rating(9953, 1, '1 Stern');\" onmouseout=\"ratings_off(1.2, 0, 0);\" onclick=\"rate_post();\" onkeypress=\"rate_post();\" style=\"cursor: pointer; border: 0px;\" \/><img decoding=\"async\" id=\"rating_9953_2\" src=\"https:\/\/www.serafinum.de\/ratgeber\/wp-content\/plugins\/wp-postratings\/images\/stars_flat_png\/rating_off.png\" alt=\"2 Sterne\" title=\"2 Sterne\" onmouseover=\"current_rating(9953, 2, '2 Sterne');\" onmouseout=\"ratings_off(1.2, 0, 0);\" onclick=\"rate_post();\" onkeypress=\"rate_post();\" style=\"cursor: pointer; border: 0px;\" \/><img decoding=\"async\" id=\"rating_9953_3\" src=\"https:\/\/www.serafinum.de\/ratgeber\/wp-content\/plugins\/wp-postratings\/images\/stars_flat_png\/rating_off.png\" alt=\"3 Sterne\" title=\"3 Sterne\" onmouseover=\"current_rating(9953, 3, '3 Sterne');\" onmouseout=\"ratings_off(1.2, 0, 0);\" onclick=\"rate_post();\" onkeypress=\"rate_post();\" style=\"cursor: pointer; border: 0px;\" \/><img decoding=\"async\" id=\"rating_9953_4\" src=\"https:\/\/www.serafinum.de\/ratgeber\/wp-content\/plugins\/wp-postratings\/images\/stars_flat_png\/rating_off.png\" alt=\"4 Sterne\" title=\"4 Sterne\" onmouseover=\"current_rating(9953, 4, '4 Sterne');\" onmouseout=\"ratings_off(1.2, 0, 0);\" onclick=\"rate_post();\" onkeypress=\"rate_post();\" style=\"cursor: pointer; border: 0px;\" \/><img decoding=\"async\" id=\"rating_9953_5\" src=\"https:\/\/www.serafinum.de\/ratgeber\/wp-content\/plugins\/wp-postratings\/images\/stars_flat_png\/rating_off.png\" alt=\"5 Sterne\" title=\"5 Sterne\" onmouseover=\"current_rating(9953, 5, '5 Sterne');\" onmouseout=\"ratings_off(1.2, 0, 0);\" onclick=\"rate_post();\" onkeypress=\"rate_post();\" style=\"cursor: pointer; border: 0px;\" \/><span>1,18 von  5 Sternen<\/span>\r\n<\/div>\r\n                    \r\n                    <p>Wie gef\u00e4llt Ihnen Serafinum.de?<br \/>Geben Sie mit einem Klick auf die Sterne Ihre Bewertung ab.<\/p>\r\n                <\/div><\/div><div id=\"post-ratings-9953-loading\" class=\"post-ratings-loading\"><img loading=\"lazy\" decoding=\"async\" src=\"https:\/\/www.serafinum.de\/ratgeber\/wp-content\/plugins\/wp-postratings\/images\/loading.gif\" width=\"16\" height=\"16\" class=\"post-ratings-image\" \/>Loading...<\/div><\/div>\n<span id=\"24\"><\/span>\n","protected":false},"excerpt":{"rendered":"<p>Allerheiligen ist nicht \u00fcberall ein Feiertag. In welchen Bundesl\u00e4ndern Allerheiligen als Feiertag begangen wird und welche Vorschriften und Traditionen in der jeweiligen Region gelten, h\u00e4ngt vorwiegend von der christlichen Pr\u00e4gung ab. Denn Allerheiligen ist nur in den katholisch gepr\u00e4gten Bundesl\u00e4ndern ein gesetzlicher Feiertag. Deshalb haben auch nicht alle in Deutschland an diesen Tagen frei oder [&#8230;]<\/p>\n","protected":false},"author":12,"featured_media":9989,"comment_status":"open","ping_status":"open","sticky":false,"template":"","format":"standard","meta":{"_acf_changed":false,"footnotes":""},"categories":[12,10],"tags":[],"class_list":["post-9953","post","type-post","status-publish","format-standard","has-post-thumbnail","hentry","category-inspiration","category-magazin"],"acf":[],"yoast_head":"<!-- This site is optimized with the Yoast SEO plugin v27.1.1 - https:\/\/yoast.com\/product\/yoast-seo-wordpress\/ -->\n<title>Allerheiligen \u25b7 [Allerseelen] \u00dcberblick + Feiertage [Bundesl\u00e4nder]<\/title>\n<meta name=\"description\" content=\"Allerheiligen (Allerseelen) im \u00dcberblick ?\ufe0f Alle Infos zu Bedeutung, Brauchtum und alle Feiertage f\u00fcr jedes Bundesland f\u00fcr 2025 - 2030 + die sch\u00f6nsten Grabgestecke!\" \/>\n<meta name=\"robots\" content=\"index, follow, max-snippet:-1, max-image-preview:large, max-video-preview:-1\" \/>\n<link rel=\"canonical\" href=\"https:\/\/www.serafinum.de\/ratgeber\/allerheiligen\/\" \/>\n<meta property=\"og:locale\" content=\"de_DE\" \/>\n<meta property=\"og:type\" content=\"article\" \/>\n<meta property=\"og:title\" content=\"Allerheiligen \u25b7 [Allerseelen] \u00dcberblick + Feiertage [Bundesl\u00e4nder]\" \/>\n<meta property=\"og:description\" content=\"Allerheiligen (Allerseelen) im \u00dcberblick ?\ufe0f Alle Infos zu Bedeutung, Brauchtum und alle Feiertage f\u00fcr jedes Bundesland f\u00fcr 2025 - 2030 + die sch\u00f6nsten Grabgestecke!\" \/>\n<meta property=\"og:url\" content=\"https:\/\/www.serafinum.de\/ratgeber\/allerheiligen\/\" \/>\n<meta property=\"og:site_name\" content=\"Serafinum.de\" \/>\n<meta property=\"article:publisher\" content=\"https:\/\/www.facebook.com\/serafinum\" \/>\n<meta property=\"article:published_time\" content=\"2020-05-19T17:40:17+00:00\" \/>\n<meta property=\"article:modified_time\" content=\"2025-03-03T09:32:18+00:00\" \/>\n<meta property=\"og:image\" content=\"https:\/\/www.serafinum.de\/ratgeber\/wp-content\/uploads\/2020\/05\/Allerheiligen-Beitragsbild.jpg\" \/>\n\t<meta property=\"og:image:width\" content=\"1200\" \/>\n\t<meta property=\"og:image:height\" content=\"900\" \/>\n\t<meta property=\"og:image:type\" content=\"image\/jpeg\" \/>\n<meta name=\"author\" content=\"Jenny R\u00f6ck\" \/>\n<meta name=\"twitter:card\" content=\"summary_large_image\" \/>\n<meta name=\"twitter:creator\" content=\"@serafinum\" \/>\n<meta name=\"twitter:site\" content=\"@serafinum\" \/>\n<meta name=\"twitter:label1\" content=\"Verfasst von\" \/>\n\t<meta name=\"twitter:data1\" content=\"Jenny R\u00f6ck\" \/>\n\t<meta name=\"twitter:label2\" content=\"Gesch\u00e4tzte Lesezeit\" \/>\n\t<meta name=\"twitter:data2\" content=\"23\u00a0Minuten\" \/>\n<script type=\"application\/ld+json\" class=\"yoast-schema-graph\">{\"@context\":\"https:\/\/schema.org\",\"@graph\":[{\"@type\":\"Article\",\"@id\":\"https:\/\/www.serafinum.de\/ratgeber\/allerheiligen\/#article\",\"isPartOf\":{\"@id\":\"https:\/\/www.serafinum.de\/ratgeber\/allerheiligen\/\"},\"author\":{\"name\":\"Jenny R\u00f6ck\",\"@id\":\"https:\/\/www.serafinum.de\/ratgeber\/#\/schema\/person\/94247d9415e0b1a0ed99188491c0f82b\"},\"headline\":\"Allerheiligen (Allerseelen) \u00dcberblick\",\"datePublished\":\"2020-05-19T17:40:17+00:00\",\"dateModified\":\"2025-03-03T09:32:18+00:00\",\"mainEntityOfPage\":{\"@id\":\"https:\/\/www.serafinum.de\/ratgeber\/allerheiligen\/\"},\"wordCount\":4127,\"commentCount\":0,\"image\":{\"@id\":\"https:\/\/www.serafinum.de\/ratgeber\/allerheiligen\/#primaryimage\"},\"thumbnailUrl\":\"https:\/\/www.serafinum.de\/ratgeber\/wp-content\/uploads\/2020\/05\/Allerheiligen-Beitragsbild.jpg\",\"articleSection\":[\"Inspiration\",\"Magazin\"],\"inLanguage\":\"de\",\"potentialAction\":[{\"@type\":\"CommentAction\",\"name\":\"Comment\",\"target\":[\"https:\/\/www.serafinum.de\/ratgeber\/allerheiligen\/#respond\"]}]},{\"@type\":\"WebPage\",\"@id\":\"https:\/\/www.serafinum.de\/ratgeber\/allerheiligen\/\",\"url\":\"https:\/\/www.serafinum.de\/ratgeber\/allerheiligen\/\",\"name\":\"Allerheiligen \u25b7 [Allerseelen] \u00dcberblick + Feiertage [Bundesl\u00e4nder]\",\"isPartOf\":{\"@id\":\"https:\/\/www.serafinum.de\/ratgeber\/#website\"},\"primaryImageOfPage\":{\"@id\":\"https:\/\/www.serafinum.de\/ratgeber\/allerheiligen\/#primaryimage\"},\"image\":{\"@id\":\"https:\/\/www.serafinum.de\/ratgeber\/allerheiligen\/#primaryimage\"},\"thumbnailUrl\":\"https:\/\/www.serafinum.de\/ratgeber\/wp-content\/uploads\/2020\/05\/Allerheiligen-Beitragsbild.jpg\",\"datePublished\":\"2020-05-19T17:40:17+00:00\",\"dateModified\":\"2025-03-03T09:32:18+00:00\",\"author\":{\"@id\":\"https:\/\/www.serafinum.de\/ratgeber\/#\/schema\/person\/94247d9415e0b1a0ed99188491c0f82b\"},\"description\":\"Allerheiligen (Allerseelen) im \u00dcberblick ?\ufe0f Alle Infos zu Bedeutung, Brauchtum und alle Feiertage f\u00fcr jedes Bundesland f\u00fcr 2025 - 2030 + die sch\u00f6nsten Grabgestecke!\",\"breadcrumb\":{\"@id\":\"https:\/\/www.serafinum.de\/ratgeber\/allerheiligen\/#breadcrumb\"},\"inLanguage\":\"de\",\"potentialAction\":[{\"@type\":\"ReadAction\",\"target\":[\"https:\/\/www.serafinum.de\/ratgeber\/allerheiligen\/\"]}]},{\"@type\":\"ImageObject\",\"inLanguage\":\"de\",\"@id\":\"https:\/\/www.serafinum.de\/ratgeber\/allerheiligen\/#primaryimage\",\"url\":\"https:\/\/www.serafinum.de\/ratgeber\/wp-content\/uploads\/2020\/05\/Allerheiligen-Beitragsbild.jpg\",\"contentUrl\":\"https:\/\/www.serafinum.de\/ratgeber\/wp-content\/uploads\/2020\/05\/Allerheiligen-Beitragsbild.jpg\",\"width\":\"1200\",\"height\":\"900\"},{\"@type\":\"BreadcrumbList\",\"@id\":\"https:\/\/www.serafinum.de\/ratgeber\/allerheiligen\/#breadcrumb\",\"itemListElement\":[{\"@type\":\"ListItem\",\"position\":1,\"name\":\"Startseite\",\"item\":\"https:\/\/www.serafinum.de\/ratgeber\/\"},{\"@type\":\"ListItem\",\"position\":2,\"name\":\"Allerheiligen (Allerseelen) \u00dcberblick\"}]},{\"@type\":\"WebSite\",\"@id\":\"https:\/\/www.serafinum.de\/ratgeber\/#website\",\"url\":\"https:\/\/www.serafinum.de\/ratgeber\/\",\"name\":\"Serafinum.de\",\"description\":\"Grabkunst von Meisterhand - Unser Ratgeber\",\"potentialAction\":[{\"@type\":\"SearchAction\",\"target\":{\"@type\":\"EntryPoint\",\"urlTemplate\":\"https:\/\/www.serafinum.de\/ratgeber\/?s={search_term_string}\"},\"query-input\":{\"@type\":\"PropertyValueSpecification\",\"valueRequired\":true,\"valueName\":\"search_term_string\"}}],\"inLanguage\":\"de\"},{\"@type\":\"Person\",\"@id\":\"https:\/\/www.serafinum.de\/ratgeber\/#\/schema\/person\/94247d9415e0b1a0ed99188491c0f82b\",\"name\":\"Jenny R\u00f6ck\",\"image\":{\"@type\":\"ImageObject\",\"inLanguage\":\"de\",\"@id\":\"https:\/\/www.serafinum.de\/ratgeber\/#\/schema\/person\/image\/\",\"url\":\"https:\/\/secure.gravatar.com\/avatar\/7055ce990cc4703f53b5f98f54c7f1a68b09b9d54123e8dd2f62c8cf78e29c7a?s=96&d=mm&r=g\",\"contentUrl\":\"https:\/\/secure.gravatar.com\/avatar\/7055ce990cc4703f53b5f98f54c7f1a68b09b9d54123e8dd2f62c8cf78e29c7a?s=96&d=mm&r=g\",\"caption\":\"Jenny R\u00f6ck\"}}]}<\/script>\n<!-- \/ Yoast SEO plugin. -->","yoast_head_json":{"title":"Allerheiligen \u25b7 [Allerseelen] \u00dcberblick + Feiertage [Bundesl\u00e4nder]","description":"Allerheiligen (Allerseelen) im \u00dcberblick ?\ufe0f Alle Infos zu Bedeutung, Brauchtum und alle Feiertage f\u00fcr jedes Bundesland f\u00fcr 2025 - 2030 + die sch\u00f6nsten Grabgestecke!","robots":{"index":"index","follow":"follow","max-snippet":"max-snippet:-1","max-image-preview":"max-image-preview:large","max-video-preview":"max-video-preview:-1"},"canonical":"https:\/\/www.serafinum.de\/ratgeber\/allerheiligen\/","og_locale":"de_DE","og_type":"article","og_title":"Allerheiligen \u25b7 [Allerseelen] \u00dcberblick + Feiertage [Bundesl\u00e4nder]","og_description":"Allerheiligen (Allerseelen) im \u00dcberblick ?\ufe0f Alle Infos zu Bedeutung, Brauchtum und alle Feiertage f\u00fcr jedes Bundesland f\u00fcr 2025 - 2030 + die sch\u00f6nsten Grabgestecke!","og_url":"https:\/\/www.serafinum.de\/ratgeber\/allerheiligen\/","og_site_name":"Serafinum.de","article_publisher":"https:\/\/www.facebook.com\/serafinum","article_published_time":"2020-05-19T17:40:17+00:00","article_modified_time":"2025-03-03T09:32:18+00:00","og_image":[{"width":1200,"height":900,"url":"https:\/\/www.serafinum.de\/ratgeber\/wp-content\/uploads\/2020\/05\/Allerheiligen-Beitragsbild.jpg","type":"image\/jpeg"}],"author":"Jenny R\u00f6ck","twitter_card":"summary_large_image","twitter_creator":"@serafinum","twitter_site":"@serafinum","twitter_misc":{"Verfasst von":"Jenny R\u00f6ck","Gesch\u00e4tzte Lesezeit":"23\u00a0Minuten"},"schema":{"@context":"https:\/\/schema.org","@graph":[{"@type":"Article","@id":"https:\/\/www.serafinum.de\/ratgeber\/allerheiligen\/#article","isPartOf":{"@id":"https:\/\/www.serafinum.de\/ratgeber\/allerheiligen\/"},"author":{"name":"Jenny R\u00f6ck","@id":"https:\/\/www.serafinum.de\/ratgeber\/#\/schema\/person\/94247d9415e0b1a0ed99188491c0f82b"},"headline":"Allerheiligen (Allerseelen) \u00dcberblick","datePublished":"2020-05-19T17:40:17+00:00","dateModified":"2025-03-03T09:32:18+00:00","mainEntityOfPage":{"@id":"https:\/\/www.serafinum.de\/ratgeber\/allerheiligen\/"},"wordCount":4127,"commentCount":0,"image":{"@id":"https:\/\/www.serafinum.de\/ratgeber\/allerheiligen\/#primaryimage"},"thumbnailUrl":"https:\/\/www.serafinum.de\/ratgeber\/wp-content\/uploads\/2020\/05\/Allerheiligen-Beitragsbild.jpg","articleSection":["Inspiration","Magazin"],"inLanguage":"de","potentialAction":[{"@type":"CommentAction","name":"Comment","target":["https:\/\/www.serafinum.de\/ratgeber\/allerheiligen\/#respond"]}]},{"@type":"WebPage","@id":"https:\/\/www.serafinum.de\/ratgeber\/allerheiligen\/","url":"https:\/\/www.serafinum.de\/ratgeber\/allerheiligen\/","name":"Allerheiligen \u25b7 [Allerseelen] \u00dcberblick + Feiertage [Bundesl\u00e4nder]","isPartOf":{"@id":"https:\/\/www.serafinum.de\/ratgeber\/#website"},"primaryImageOfPage":{"@id":"https:\/\/www.serafinum.de\/ratgeber\/allerheiligen\/#primaryimage"},"image":{"@id":"https:\/\/www.serafinum.de\/ratgeber\/allerheiligen\/#primaryimage"},"thumbnailUrl":"https:\/\/www.serafinum.de\/ratgeber\/wp-content\/uploads\/2020\/05\/Allerheiligen-Beitragsbild.jpg","datePublished":"2020-05-19T17:40:17+00:00","dateModified":"2025-03-03T09:32:18+00:00","author":{"@id":"https:\/\/www.serafinum.de\/ratgeber\/#\/schema\/person\/94247d9415e0b1a0ed99188491c0f82b"},"description":"Allerheiligen (Allerseelen) im \u00dcberblick ?\ufe0f Alle Infos zu Bedeutung, Brauchtum und alle Feiertage f\u00fcr jedes Bundesland f\u00fcr 2025 - 2030 + die sch\u00f6nsten Grabgestecke!","breadcrumb":{"@id":"https:\/\/www.serafinum.de\/ratgeber\/allerheiligen\/#breadcrumb"},"inLanguage":"de","potentialAction":[{"@type":"ReadAction","target":["https:\/\/www.serafinum.de\/ratgeber\/allerheiligen\/"]}]},{"@type":"ImageObject","inLanguage":"de","@id":"https:\/\/www.serafinum.de\/ratgeber\/allerheiligen\/#primaryimage","url":"https:\/\/www.serafinum.de\/ratgeber\/wp-content\/uploads\/2020\/05\/Allerheiligen-Beitragsbild.jpg","contentUrl":"https:\/\/www.serafinum.de\/ratgeber\/wp-content\/uploads\/2020\/05\/Allerheiligen-Beitragsbild.jpg","width":"1200","height":"900"},{"@type":"BreadcrumbList","@id":"https:\/\/www.serafinum.de\/ratgeber\/allerheiligen\/#breadcrumb","itemListElement":[{"@type":"ListItem","position":1,"name":"Startseite","item":"https:\/\/www.serafinum.de\/ratgeber\/"},{"@type":"ListItem","position":2,"name":"Allerheiligen (Allerseelen) \u00dcberblick"}]},{"@type":"WebSite","@id":"https:\/\/www.serafinum.de\/ratgeber\/#website","url":"https:\/\/www.serafinum.de\/ratgeber\/","name":"Serafinum.de","description":"Grabkunst von Meisterhand - Unser Ratgeber","potentialAction":[{"@type":"SearchAction","target":{"@type":"EntryPoint","urlTemplate":"https:\/\/www.serafinum.de\/ratgeber\/?s={search_term_string}"},"query-input":{"@type":"PropertyValueSpecification","valueRequired":true,"valueName":"search_term_string"}}],"inLanguage":"de"},{"@type":"Person","@id":"https:\/\/www.serafinum.de\/ratgeber\/#\/schema\/person\/94247d9415e0b1a0ed99188491c0f82b","name":"Jenny R\u00f6ck","image":{"@type":"ImageObject","inLanguage":"de","@id":"https:\/\/www.serafinum.de\/ratgeber\/#\/schema\/person\/image\/","url":"https:\/\/secure.gravatar.com\/avatar\/7055ce990cc4703f53b5f98f54c7f1a68b09b9d54123e8dd2f62c8cf78e29c7a?s=96&d=mm&r=g","contentUrl":"https:\/\/secure.gravatar.com\/avatar\/7055ce990cc4703f53b5f98f54c7f1a68b09b9d54123e8dd2f62c8cf78e29c7a?s=96&d=mm&r=g","caption":"Jenny R\u00f6ck"}}]}},"_links":{"self":[{"href":"https:\/\/www.serafinum.de\/ratgeber\/wp-json\/wp\/v2\/posts\/9953","targetHints":{"allow":["GET"]}}],"collection":[{"href":"https:\/\/www.serafinum.de\/ratgeber\/wp-json\/wp\/v2\/posts"}],"about":[{"href":"https:\/\/www.serafinum.de\/ratgeber\/wp-json\/wp\/v2\/types\/post"}],"author":[{"embeddable":true,"href":"https:\/\/www.serafinum.de\/ratgeber\/wp-json\/wp\/v2\/users\/12"}],"replies":[{"embeddable":true,"href":"https:\/\/www.serafinum.de\/ratgeber\/wp-json\/wp\/v2\/comments?post=9953"}],"version-history":[{"count":27,"href":"https:\/\/www.serafinum.de\/ratgeber\/wp-json\/wp\/v2\/posts\/9953\/revisions"}],"predecessor-version":[{"id":19003,"href":"https:\/\/www.serafinum.de\/ratgeber\/wp-json\/wp\/v2\/posts\/9953\/revisions\/19003"}],"wp:featuredmedia":[{"embeddable":true,"href":"https:\/\/www.serafinum.de\/ratgeber\/wp-json\/wp\/v2\/media\/9989"}],"wp:attachment":[{"href":"https:\/\/www.serafinum.de\/ratgeber\/wp-json\/wp\/v2\/media?parent=9953"}],"wp:term":[{"taxonomy":"category","embeddable":true,"href":"https:\/\/www.serafinum.de\/ratgeber\/wp-json\/wp\/v2\/categories?post=9953"},{"taxonomy":"post_tag","embeddable":true,"href":"https:\/\/www.serafinum.de\/ratgeber\/wp-json\/wp\/v2\/tags?post=9953"}],"curies":[{"name":"wp","href":"https:\/\/api.w.org\/{rel}","templated":true}]}}